{"id":2522,"date":"2023-03-16T20:16:31","date_gmt":"2023-03-16T20:16:31","guid":{"rendered":"https:\/\/vernerabogados.com\/em-poden-embargar-el-salari-minim-interprofessional-per-al-pagament-de-la-pensio-daliments\/"},"modified":"2023-08-17T09:08:08","modified_gmt":"2023-08-17T09:08:08","slug":"em-poden-embargar-el-salari-minim-interprofessional-per-al-pagament-de-la-pensio-daliments","status":"publish","type":"post","link":"https:\/\/vernerabogados.com\/ca\/em-poden-embargar-el-salari-minim-interprofessional-per-al-pagament-de-la-pensio-daliments\/","title":{"rendered":"EM PODEN EMBARGAR EL SALARI M\u00cdNIM INTERPROFESSIONAL PER AL PAGAMENT DE LA PENSI\u00d3 D&#8217;ALIMENTS?"},"content":{"rendered":"<p>En resum, <strong>S\u00cd<\/strong>, en el cas que es tracti de l&#8217;impagament de la pensi\u00f3 aliment\u00e0ria, <u>el salari m\u00ednim interprofessional pot ser embargat.<\/u> Aix\u00f2 es deu al fet que l&#8217;obligaci\u00f3 de pagar la pensi\u00f3 d&#8217;aliments \u00e9s una obligaci\u00f3 legal establerta per la Llei, per la qual <strong>cosa es considera una excepci\u00f3 a la regla general d&#8217;inembargabilitat del salari m\u00ednim interprofessional.<\/strong><\/p>\n<p>\u00c9s important destacar que en aquests casos <u>el tribunal \u00e9s l&#8217;encarregat de fixar la quantitat que pot ser embargada<\/u>, tenint en compte les necessitats b\u00e0siques de l&#8217;obligat al pagament de la pensi\u00f3, aix\u00ed com les necessitats dels beneficiaris de la pensi\u00f3 aliment\u00e0ria.<\/p>\n<p>En cas de trobar-se en aquesta situaci\u00f3, \u00e9s recomanable comptar amb l&#8217;assessorament d&#8217;un advocat especialitzat en dret de fam\u00edlia, qui podr\u00e0 brindar una assessoria personalitzada i guiar a l&#8217;afectat en el proc\u00e9s legal corresponent. En el nostre despatx, <strong>VERNER ABOGADOS<\/strong>, comptem amb advocats experts en dret de fam\u00edlia i podem ajudar-te en aquesta mena de situacions. No dubtis en posar-te en contacte amb nosaltres per a rebre assessorament legal especialitzat.<\/p>\n","protected":false},"excerpt":{"rendered":"<p>En resum, S\u00cd, en el cas que es tracti de l&#8217;impagament de la pensi\u00f3 aliment\u00e0ria, el salari m\u00ednim interprofessional pot ser embargat. Aix\u00f2 es deu al fet que l&#8217;obligaci\u00f3 de pagar la pensi\u00f3 d&#8217;aliments \u00e9s una obligaci\u00f3 legal establerta per la Llei, per la qual cosa es considera una excepci\u00f3 a la regla general d&#8217;inembargabilitat [&hellip;]<\/p>\n","protected":false},"author":5,"featured_media":2786,"comment_status":"closed","ping_status":"closed","sticky":false,"template":"","format":"standard","meta":{"_joinchat":[],"footnotes":""},"categories":[27],"tags":[],"class_list":["post-2522","post","type-post","status-publish","format-standard","has-post-thumbnail","hentry","category-familia-ca"],"yoast_head":"<!-- This site is optimized with the Yoast SEO plugin v27.3 - https:\/\/yoast.com\/product\/yoast-seo-wordpress\/ -->\n<title>EM PODEN EMBARGAR EL SALARI M\u00cdNIM INTERPROFESSIONAL PER AL PAGAMENT DE LA PENSI\u00d3 D&#039;ALIMENTS? - Verner Abogados<\/title>\n<meta name=\"robots\" content=\"index, follow, max-snippet:-1, max-image-preview:large, max-video-preview:-1\" \/>\n<link rel=\"canonical\" href=\"https:\/\/vernerabogados.com\/ca\/em-poden-embargar-el-salari-minim-interprofessional-per-al-pagament-de-la-pensio-daliments\/\" \/>\n<meta property=\"og:locale\" content=\"ca_ES\" \/>\n<meta property=\"og:type\" content=\"article\" \/>\n<meta property=\"og:title\" content=\"EM PODEN EMBARGAR EL SALARI M\u00cdNIM INTERPROFESSIONAL PER AL PAGAMENT DE LA PENSI\u00d3 D&#039;ALIMENTS? - Verner Abogados\" \/>\n<meta property=\"og:description\" content=\"En resum, S\u00cd, en el cas que es tracti de l&#8217;impagament de la pensi\u00f3 aliment\u00e0ria, el salari m\u00ednim interprofessional pot ser embargat. Aix\u00f2 es deu al fet que l&#8217;obligaci\u00f3 de pagar la pensi\u00f3 d&#8217;aliments \u00e9s una obligaci\u00f3 legal establerta per la Llei, per la qual cosa es considera una excepci\u00f3 a la regla general d&#8217;inembargabilitat [&hellip;]\" \/>\n<meta property=\"og:url\" content=\"https:\/\/vernerabogados.com\/ca\/em-poden-embargar-el-salari-minim-interprofessional-per-al-pagament-de-la-pensio-daliments\/\" \/>\n<meta property=\"og:site_name\" content=\"Verner Abogados\" \/>\n<meta property=\"article:published_time\" content=\"2023-03-16T20:16:31+00:00\" \/>\n<meta property=\"article:modified_time\" content=\"2023-08-17T09:08:08+00:00\" \/>\n<meta property=\"og:image\" content=\"https:\/\/vernerabogados.com\/wp-content\/uploads\/2023\/02\/servicios-02-verner.jpg\" \/>\n\t<meta property=\"og:image:width\" content=\"1800\" \/>\n\t<meta property=\"og:image:height\" content=\"1200\" \/>\n\t<meta property=\"og:image:type\" content=\"image\/jpeg\" \/>\n<meta name=\"author\" content=\"Carmen Gal\u00e1n\" \/>\n<meta name=\"twitter:card\" content=\"summary_large_image\" \/>\n<meta name=\"twitter:label1\" content=\"Escrit per\" \/>\n\t<meta name=\"twitter:data1\" content=\"Carmen Gal\u00e1n\" \/>\n\t<meta name=\"twitter:label2\" content=\"Temps estimat de lectura\" \/>\n\t<meta name=\"twitter:data2\" content=\"1 minut\" \/>\n<script type=\"application\/ld+json\" class=\"yoast-schema-graph\">{\"@context\":\"https:\\\/\\\/schema.org\",\"@graph\":[{\"@type\":\"Article\",\"@id\":\"https:\\\/\\\/vernerabogados.com\\\/ca\\\/em-poden-embargar-el-salari-minim-interprofessional-per-al-pagament-de-la-pensio-daliments\\\/#article\",\"isPartOf\":{\"@id\":\"https:\\\/\\\/vernerabogados.com\\\/ca\\\/em-poden-embargar-el-salari-minim-interprofessional-per-al-pagament-de-la-pensio-daliments\\\/\"},\"author\":{\"name\":\"Carmen Gal\u00e1n\",\"@id\":\"https:\\\/\\\/vernerabogados.com\\\/ca\\\/#\\\/schema\\\/person\\\/15e52635607ebeb00a5f8577f99f0da0\"},\"headline\":\"EM PODEN EMBARGAR EL SALARI M\u00cdNIM INTERPROFESSIONAL PER AL PAGAMENT DE LA PENSI\u00d3 D&#8217;ALIMENTS?\",\"datePublished\":\"2023-03-16T20:16:31+00:00\",\"dateModified\":\"2023-08-17T09:08:08+00:00\",\"mainEntityOfPage\":{\"@id\":\"https:\\\/\\\/vernerabogados.com\\\/ca\\\/em-poden-embargar-el-salari-minim-interprofessional-per-al-pagament-de-la-pensio-daliments\\\/\"},\"wordCount\":194,\"publisher\":{\"@id\":\"https:\\\/\\\/vernerabogados.com\\\/ca\\\/#organization\"},\"image\":{\"@id\":\"https:\\\/\\\/vernerabogados.com\\\/ca\\\/em-poden-embargar-el-salari-minim-interprofessional-per-al-pagament-de-la-pensio-daliments\\\/#primaryimage\"},\"thumbnailUrl\":\"https:\\\/\\\/vernerabogados.com\\\/wp-content\\\/uploads\\\/2023\\\/08\\\/Diseno-sin-titulo.jpg\",\"articleSection\":[\"Familia\"],\"inLanguage\":\"ca\"},{\"@type\":\"WebPage\",\"@id\":\"https:\\\/\\\/vernerabogados.com\\\/ca\\\/em-poden-embargar-el-salari-minim-interprofessional-per-al-pagament-de-la-pensio-daliments\\\/\",\"url\":\"https:\\\/\\\/vernerabogados.com\\\/ca\\\/em-poden-embargar-el-salari-minim-interprofessional-per-al-pagament-de-la-pensio-daliments\\\/\",\"name\":\"EM PODEN EMBARGAR EL SALARI M\u00cdNIM INTERPROFESSIONAL PER AL PAGAMENT DE LA PENSI\u00d3 D'ALIMENTS? - Verner Abogados\",\"isPartOf\":{\"@id\":\"https:\\\/\\\/vernerabogados.com\\\/ca\\\/#website\"},\"primaryImageOfPage\":{\"@id\":\"https:\\\/\\\/vernerabogados.com\\\/ca\\\/em-poden-embargar-el-salari-minim-interprofessional-per-al-pagament-de-la-pensio-daliments\\\/#primaryimage\"},\"image\":{\"@id\":\"https:\\\/\\\/vernerabogados.com\\\/ca\\\/em-poden-embargar-el-salari-minim-interprofessional-per-al-pagament-de-la-pensio-daliments\\\/#primaryimage\"},\"thumbnailUrl\":\"https:\\\/\\\/vernerabogados.com\\\/wp-content\\\/uploads\\\/2023\\\/08\\\/Diseno-sin-titulo.jpg\",\"datePublished\":\"2023-03-16T20:16:31+00:00\",\"dateModified\":\"2023-08-17T09:08:08+00:00\",\"breadcrumb\":{\"@id\":\"https:\\\/\\\/vernerabogados.com\\\/ca\\\/em-poden-embargar-el-salari-minim-interprofessional-per-al-pagament-de-la-pensio-daliments\\\/#breadcrumb\"},\"inLanguage\":\"ca\",\"potentialAction\":[{\"@type\":\"ReadAction\",\"target\":[\"https:\\\/\\\/vernerabogados.com\\\/ca\\\/em-poden-embargar-el-salari-minim-interprofessional-per-al-pagament-de-la-pensio-daliments\\\/\"]}]},{\"@type\":\"ImageObject\",\"inLanguage\":\"ca\",\"@id\":\"https:\\\/\\\/vernerabogados.com\\\/ca\\\/em-poden-embargar-el-salari-minim-interprofessional-per-al-pagament-de-la-pensio-daliments\\\/#primaryimage\",\"url\":\"https:\\\/\\\/vernerabogados.com\\\/wp-content\\\/uploads\\\/2023\\\/08\\\/Diseno-sin-titulo.jpg\",\"contentUrl\":\"https:\\\/\\\/vernerabogados.com\\\/wp-content\\\/uploads\\\/2023\\\/08\\\/Diseno-sin-titulo.jpg\",\"width\":2000,\"height\":1410,\"caption\":\"pension alimentos\"},{\"@type\":\"BreadcrumbList\",\"@id\":\"https:\\\/\\\/vernerabogados.com\\\/ca\\\/em-poden-embargar-el-salari-minim-interprofessional-per-al-pagament-de-la-pensio-daliments\\\/#breadcrumb\",\"itemListElement\":[{\"@type\":\"ListItem\",\"position\":1,\"name\":\"Portada\",\"item\":\"https:\\\/\\\/vernerabogados.com\\\/ca\\\/\"},{\"@type\":\"ListItem\",\"position\":2,\"name\":\"EM PODEN EMBARGAR EL SALARI M\u00cdNIM INTERPROFESSIONAL PER AL PAGAMENT DE LA PENSI\u00d3 D&#8217;ALIMENTS?\"}]},{\"@type\":\"WebSite\",\"@id\":\"https:\\\/\\\/vernerabogados.com\\\/ca\\\/#website\",\"url\":\"https:\\\/\\\/vernerabogados.com\\\/ca\\\/\",\"name\":\"Verner Abogados\",\"description\":\"Abogados en Barcelona y Andorra. Proteger a nuestros clientes, nuestra prioridad\",\"publisher\":{\"@id\":\"https:\\\/\\\/vernerabogados.com\\\/ca\\\/#organization\"},\"alternateName\":\"Verner\",\"potentialAction\":[{\"@type\":\"SearchAction\",\"target\":{\"@type\":\"EntryPoint\",\"urlTemplate\":\"https:\\\/\\\/vernerabogados.com\\\/ca\\\/?s={search_term_string}\"},\"query-input\":{\"@type\":\"PropertyValueSpecification\",\"valueRequired\":true,\"valueName\":\"search_term_string\"}}],\"inLanguage\":\"ca\"},{\"@type\":\"Organization\",\"@id\":\"https:\\\/\\\/vernerabogados.com\\\/ca\\\/#organization\",\"name\":\"Verner Abogados\",\"url\":\"https:\\\/\\\/vernerabogados.com\\\/ca\\\/\",\"logo\":{\"@type\":\"ImageObject\",\"inLanguage\":\"ca\",\"@id\":\"https:\\\/\\\/vernerabogados.com\\\/ca\\\/#\\\/schema\\\/logo\\\/image\\\/\",\"url\":\"https:\\\/\\\/vernerabogados.com\\\/wp-content\\\/uploads\\\/2022\\\/12\\\/logo-horizontal.png\",\"contentUrl\":\"https:\\\/\\\/vernerabogados.com\\\/wp-content\\\/uploads\\\/2022\\\/12\\\/logo-horizontal.png\",\"width\":443,\"height\":67,\"caption\":\"Verner Abogados\"},\"image\":{\"@id\":\"https:\\\/\\\/vernerabogados.com\\\/ca\\\/#\\\/schema\\\/logo\\\/image\\\/\"}},{\"@type\":\"Person\",\"@id\":\"https:\\\/\\\/vernerabogados.com\\\/ca\\\/#\\\/schema\\\/person\\\/15e52635607ebeb00a5f8577f99f0da0\",\"name\":\"Carmen Gal\u00e1n\",\"image\":{\"@type\":\"ImageObject\",\"inLanguage\":\"ca\",\"@id\":\"https:\\\/\\\/secure.gravatar.com\\\/avatar\\\/8e91c136e7221f689c0bdcb17a1611386f3a8feeeda402702f842058704f5784?s=96&d=mm&r=g\",\"url\":\"https:\\\/\\\/secure.gravatar.com\\\/avatar\\\/8e91c136e7221f689c0bdcb17a1611386f3a8feeeda402702f842058704f5784?s=96&d=mm&r=g\",\"contentUrl\":\"https:\\\/\\\/secure.gravatar.com\\\/avatar\\\/8e91c136e7221f689c0bdcb17a1611386f3a8feeeda402702f842058704f5784?s=96&d=mm&r=g\",\"caption\":\"Carmen Gal\u00e1n\"},\"sameAs\":[\"http:\\\/\\\/carmengalan.com\"]}]}<\/script>\n<!-- \/ Yoast SEO plugin. -->","yoast_head_json":{"title":"EM PODEN EMBARGAR EL SALARI M\u00cdNIM INTERPROFESSIONAL PER AL PAGAMENT DE LA PENSI\u00d3 D'ALIMENTS? - Verner Abogados","robots":{"index":"index","follow":"follow","max-snippet":"max-snippet:-1","max-image-preview":"max-image-preview:large","max-video-preview":"max-video-preview:-1"},"canonical":"https:\/\/vernerabogados.com\/ca\/em-poden-embargar-el-salari-minim-interprofessional-per-al-pagament-de-la-pensio-daliments\/","og_locale":"ca_ES","og_type":"article","og_title":"EM PODEN EMBARGAR EL SALARI M\u00cdNIM INTERPROFESSIONAL PER AL PAGAMENT DE LA PENSI\u00d3 D'ALIMENTS? - Verner Abogados","og_description":"En resum, S\u00cd, en el cas que es tracti de l&#8217;impagament de la pensi\u00f3 aliment\u00e0ria, el salari m\u00ednim interprofessional pot ser embargat. Aix\u00f2 es deu al fet que l&#8217;obligaci\u00f3 de pagar la pensi\u00f3 d&#8217;aliments \u00e9s una obligaci\u00f3 legal establerta per la Llei, per la qual cosa es considera una excepci\u00f3 a la regla general d&#8217;inembargabilitat [&hellip;]","og_url":"https:\/\/vernerabogados.com\/ca\/em-poden-embargar-el-salari-minim-interprofessional-per-al-pagament-de-la-pensio-daliments\/","og_site_name":"Verner Abogados","article_published_time":"2023-03-16T20:16:31+00:00","article_modified_time":"2023-08-17T09:08:08+00:00","og_image":[{"width":1800,"height":1200,"url":"https:\/\/vernerabogados.com\/wp-content\/uploads\/2023\/02\/servicios-02-verner.jpg","type":"image\/jpeg"}],"author":"Carmen Gal\u00e1n","twitter_card":"summary_large_image","twitter_misc":{"Escrit per":"Carmen Gal\u00e1n","Temps estimat de lectura":"1 minut"},"schema":{"@context":"https:\/\/schema.org","@graph":[{"@type":"Article","@id":"https:\/\/vernerabogados.com\/ca\/em-poden-embargar-el-salari-minim-interprofessional-per-al-pagament-de-la-pensio-daliments\/#article","isPartOf":{"@id":"https:\/\/vernerabogados.com\/ca\/em-poden-embargar-el-salari-minim-interprofessional-per-al-pagament-de-la-pensio-daliments\/"},"author":{"name":"Carmen Gal\u00e1n","@id":"https:\/\/vernerabogados.com\/ca\/#\/schema\/person\/15e52635607ebeb00a5f8577f99f0da0"},"headline":"EM PODEN EMBARGAR EL SALARI M\u00cdNIM INTERPROFESSIONAL PER AL PAGAMENT DE LA PENSI\u00d3 D&#8217;ALIMENTS?","datePublished":"2023-03-16T20:16:31+00:00","dateModified":"2023-08-17T09:08:08+00:00","mainEntityOfPage":{"@id":"https:\/\/vernerabogados.com\/ca\/em-poden-embargar-el-salari-minim-interprofessional-per-al-pagament-de-la-pensio-daliments\/"},"wordCount":194,"publisher":{"@id":"https:\/\/vernerabogados.com\/ca\/#organization"},"image":{"@id":"https:\/\/vernerabogados.com\/ca\/em-poden-embargar-el-salari-minim-interprofessional-per-al-pagament-de-la-pensio-daliments\/#primaryimage"},"thumbnailUrl":"https:\/\/vernerabogados.com\/wp-content\/uploads\/2023\/08\/Diseno-sin-titulo.jpg","articleSection":["Familia"],"inLanguage":"ca"},{"@type":"WebPage","@id":"https:\/\/vernerabogados.com\/ca\/em-poden-embargar-el-salari-minim-interprofessional-per-al-pagament-de-la-pensio-daliments\/","url":"https:\/\/vernerabogados.com\/ca\/em-poden-embargar-el-salari-minim-interprofessional-per-al-pagament-de-la-pensio-daliments\/","name":"EM PODEN EMBARGAR EL SALARI M\u00cdNIM INTERPROFESSIONAL PER AL PAGAMENT DE LA PENSI\u00d3 D'ALIMENTS? - Verner Abogados","isPartOf":{"@id":"https:\/\/vernerabogados.com\/ca\/#website"},"primaryImageOfPage":{"@id":"https:\/\/vernerabogados.com\/ca\/em-poden-embargar-el-salari-minim-interprofessional-per-al-pagament-de-la-pensio-daliments\/#primaryimage"},"image":{"@id":"https:\/\/vernerabogados.com\/ca\/em-poden-embargar-el-salari-minim-interprofessional-per-al-pagament-de-la-pensio-daliments\/#primaryimage"},"thumbnailUrl":"https:\/\/vernerabogados.com\/wp-content\/uploads\/2023\/08\/Diseno-sin-titulo.jpg","datePublished":"2023-03-16T20:16:31+00:00","dateModified":"2023-08-17T09:08:08+00:00","breadcrumb":{"@id":"https:\/\/vernerabogados.com\/ca\/em-poden-embargar-el-salari-minim-interprofessional-per-al-pagament-de-la-pensio-daliments\/#breadcrumb"},"inLanguage":"ca","potentialAction":[{"@type":"ReadAction","target":["https:\/\/vernerabogados.com\/ca\/em-poden-embargar-el-salari-minim-interprofessional-per-al-pagament-de-la-pensio-daliments\/"]}]},{"@type":"ImageObject","inLanguage":"ca","@id":"https:\/\/vernerabogados.com\/ca\/em-poden-embargar-el-salari-minim-interprofessional-per-al-pagament-de-la-pensio-daliments\/#primaryimage","url":"https:\/\/vernerabogados.com\/wp-content\/uploads\/2023\/08\/Diseno-sin-titulo.jpg","contentUrl":"https:\/\/vernerabogados.com\/wp-content\/uploads\/2023\/08\/Diseno-sin-titulo.jpg","width":2000,"height":1410,"caption":"pension alimentos"},{"@type":"BreadcrumbList","@id":"https:\/\/vernerabogados.com\/ca\/em-poden-embargar-el-salari-minim-interprofessional-per-al-pagament-de-la-pensio-daliments\/#breadcrumb","itemListElement":[{"@type":"ListItem","position":1,"name":"Portada","item":"https:\/\/vernerabogados.com\/ca\/"},{"@type":"ListItem","position":2,"name":"EM PODEN EMBARGAR EL SALARI M\u00cdNIM INTERPROFESSIONAL PER AL PAGAMENT DE LA PENSI\u00d3 D&#8217;ALIMENTS?"}]},{"@type":"WebSite","@id":"https:\/\/vernerabogados.com\/ca\/#website","url":"https:\/\/vernerabogados.com\/ca\/","name":"Verner Abogados","description":"Abogados en Barcelona y Andorra. Proteger a nuestros clientes, nuestra prioridad","publisher":{"@id":"https:\/\/vernerabogados.com\/ca\/#organization"},"alternateName":"Verner","potentialAction":[{"@type":"SearchAction","target":{"@type":"EntryPoint","urlTemplate":"https:\/\/vernerabogados.com\/ca\/?s={search_term_string}"},"query-input":{"@type":"PropertyValueSpecification","valueRequired":true,"valueName":"search_term_string"}}],"inLanguage":"ca"},{"@type":"Organization","@id":"https:\/\/vernerabogados.com\/ca\/#organization","name":"Verner Abogados","url":"https:\/\/vernerabogados.com\/ca\/","logo":{"@type":"ImageObject","inLanguage":"ca","@id":"https:\/\/vernerabogados.com\/ca\/#\/schema\/logo\/image\/","url":"https:\/\/vernerabogados.com\/wp-content\/uploads\/2022\/12\/logo-horizontal.png","contentUrl":"https:\/\/vernerabogados.com\/wp-content\/uploads\/2022\/12\/logo-horizontal.png","width":443,"height":67,"caption":"Verner Abogados"},"image":{"@id":"https:\/\/vernerabogados.com\/ca\/#\/schema\/logo\/image\/"}},{"@type":"Person","@id":"https:\/\/vernerabogados.com\/ca\/#\/schema\/person\/15e52635607ebeb00a5f8577f99f0da0","name":"Carmen Gal\u00e1n","image":{"@type":"ImageObject","inLanguage":"ca","@id":"https:\/\/secure.gravatar.com\/avatar\/8e91c136e7221f689c0bdcb17a1611386f3a8feeeda402702f842058704f5784?s=96&d=mm&r=g","url":"https:\/\/secure.gravatar.com\/avatar\/8e91c136e7221f689c0bdcb17a1611386f3a8feeeda402702f842058704f5784?s=96&d=mm&r=g","contentUrl":"https:\/\/secure.gravatar.com\/avatar\/8e91c136e7221f689c0bdcb17a1611386f3a8feeeda402702f842058704f5784?s=96&d=mm&r=g","caption":"Carmen Gal\u00e1n"},"sameAs":["http:\/\/carmengalan.com"]}]}},"_links":{"self":[{"href":"https:\/\/vernerabogados.com\/ca\/wp-json\/wp\/v2\/posts\/2522","targetHints":{"allow":["GET"]}}],"collection":[{"href":"https:\/\/vernerabogados.com\/ca\/wp-json\/wp\/v2\/posts"}],"about":[{"href":"https:\/\/vernerabogados.com\/ca\/wp-json\/wp\/v2\/types\/post"}],"author":[{"embeddable":true,"href":"https:\/\/vernerabogados.com\/ca\/wp-json\/wp\/v2\/users\/5"}],"replies":[{"embeddable":true,"href":"https:\/\/vernerabogados.com\/ca\/wp-json\/wp\/v2\/comments?post=2522"}],"version-history":[{"count":1,"href":"https:\/\/vernerabogados.com\/ca\/wp-json\/wp\/v2\/posts\/2522\/revisions"}],"predecessor-version":[{"id":2778,"href":"https:\/\/vernerabogados.com\/ca\/wp-json\/wp\/v2\/posts\/2522\/revisions\/2778"}],"wp:featuredmedia":[{"embeddable":true,"href":"https:\/\/vernerabogados.com\/ca\/wp-json\/wp\/v2\/media\/2786"}],"wp:attachment":[{"href":"https:\/\/vernerabogados.com\/ca\/wp-json\/wp\/v2\/media?parent=2522"}],"wp:term":[{"taxonomy":"category","embeddable":true,"href":"https:\/\/vernerabogados.com\/ca\/wp-json\/wp\/v2\/categories?post=2522"},{"taxonomy":"post_tag","embeddable":true,"href":"https:\/\/vernerabogados.com\/ca\/wp-json\/wp\/v2\/tags?post=2522"}],"curies":[{"name":"wp","href":"https:\/\/api.w.org\/{rel}","templated":true}]}}