{"id":2766,"date":"2023-05-09T16:18:04","date_gmt":"2023-05-09T16:18:04","guid":{"rendered":"https:\/\/vernerabogados.com\/el-dret-a-la-legitima-a-catalunya\/"},"modified":"2023-08-15T09:32:05","modified_gmt":"2023-08-15T09:32:05","slug":"el-dret-a-la-legitima-a-catalunya","status":"publish","type":"post","link":"https:\/\/vernerabogados.com\/ca\/el-dret-a-la-legitima-a-catalunya\/","title":{"rendered":"EL DRET A LA LEG\u00cdTIMA A CATALUNYA"},"content":{"rendered":"\t\t<div data-elementor-type=\"wp-post\" data-elementor-id=\"2766\" class=\"elementor elementor-2766 elementor-2604\" data-elementor-post-type=\"post\">\n\t\t\t\t\t\t<section class=\"elementor-section elementor-top-section elementor-element elementor-element-3e279195 elementor-section-boxed elementor-section-height-default elementor-section-height-default\" data-id=\"3e279195\" data-element_type=\"section\" data-e-type=\"section\">\n\t\t\t\t\t\t<div class=\"elementor-container elementor-column-gap-default\">\n\t\t\t\t\t<div class=\"elementor-column elementor-col-100 elementor-top-column elementor-element elementor-element-5d5a1372\" data-id=\"5d5a1372\" data-element_type=\"column\" data-e-type=\"column\">\n\t\t\t<div class=\"elementor-widget-wrap elementor-element-populated\">\n\t\t\t\t\t\t<div class=\"elementor-element elementor-element-904bf8e elementor-widget elementor-widget-text-editor\" data-id=\"904bf8e\" data-element_type=\"widget\" data-e-type=\"widget\" data-widget_type=\"text-editor.default\">\n\t\t\t\t<div class=\"elementor-widget-container\">\n\t\t\t\t\t\t\t\t\t<ul><li style=\"list-style-type: none;\"><ul><li><h3><b>Qu\u00e8 \u00e9s el dret a la leg\u00edtima?<\/b><\/h3><\/li><\/ul><\/li><\/ul><p>El dret a la leg\u00edtima \u00e9s un dret que preveu l&#8217;ordenament \u00a0civil i consisteix en aquella porci\u00f3 de l&#8217;her\u00e8ncia que la llei assigna de manera obligat\u00f2ria a uns certs familiars, independentment dels hereus designats pel causant. Son els anomenats \u201c<b>hereus for\u00e7osos<\/b>\u201d.<\/p><p>La finalitat que persegueix el dret a la leg\u00edtima \u00e9s evitar que se&#8217;ls deixi en una situaci\u00f3 desfavorable.<\/p><ul><li style=\"list-style-type: none;\"><ul><li><h3><strong>Quant \u00e9s la leg\u00edtima?<\/strong><\/h3><\/li><\/ul><\/li><\/ul><p>A Catalunya, la quota de la leg\u00edtima consistir\u00e1 en <b><u>UNA QUARTA PART<\/u> <\/b>de l&#8217;her\u00e8ncia, dividida entre els legitimaris que corresponguessin de conformitat amb l&#8217;anterior.<\/p><ul><li style=\"list-style-type: none;\"><ul><li><h3><b>Qui t\u00e9 dret a la leg\u00edtima a Catalunya?<\/b><\/h3><\/li><\/ul><\/li><\/ul><p>A Catalunya, el dret a la leg\u00edtima correspondr\u00e0 o b\u00e9 als DESCENDENTS o b\u00e9 als PROGENITORS, de conformitat amb les seg\u00fcents circumst\u00e0ncies:<\/p><p style=\"padding-left: 40px;\"><b>1.\u00a0<\/b>En primer lloc, la leg\u00edtima correspondr\u00e0 als <b>fills i filles<\/b>\u00a0de la persona difunta.<\/p><p style=\"padding-left: 40px;\">En cas de defunci\u00f3, desheretament, indignitat o abs\u00e8ncia d&#8217;algun d&#8217;ells, operar\u00e0 l&#8217;anomenat <b>\u201cderecho de representaci\u00f3n\u201d<\/b> mitjan\u00e7ant el qual el dret a la leg\u00edtima passar\u00e0 a favor del descendent en la quota que li correspondria al primer.<\/p><p style=\"padding-left: 40px;\"><b>2.<\/b>\u00a0 En cas que la persona difunta no tingu\u00e9s descendents que li hagin sobreviscut, el dret a la leg\u00edtima correspondr\u00e0 als <b>progenitors<\/b> de la persona difunta morta per meitat.<\/p><p style=\"padding-left: 40px;\">Si nom\u00e9s sobreviu un progenitor, o la filiaci\u00f3 nom\u00e9s est\u00e0 determinada respecte a un progenitor, li correspon el <u>dret a la leg\u00edtima a aquest progenitor de forma \u00edntegra<\/u>.<\/p><p style=\"padding-left: 40px;\">Si un progenitor ha estat desheretat justament o declarat indigne, la leg\u00edtima correspon nom\u00e9s a l&#8217;altre progenitor i li correspondr\u00e0 <u>la quota de leg\u00edtima fent n\u00famero el progenitor desheretat o declarat indigne<\/u>. \u00c9s a dir, no acreix la totalitat al progenitor legitimari.<\/p><p style=\"padding-left: 40px;\">No correspondr\u00e0 als progenitors, en cas de que la persona difunta s\u00ed tingu\u00e9s descendents per\u00f2 aquests haguessin estat desheretats justament o declarats indignes.<\/p><p>A difer\u00e8ncia del dret espanyol, <b>a Catalunya el c\u00f2njuge o parella no tindr\u00e0 mai dret a la leg\u00edtima.<\/b><\/p><ul><li style=\"list-style-type: none;\"><ul><li><h3><strong>\u00bfTinc leg\u00edtima si soc hereu o hereva?<\/strong><\/h3><\/li><\/ul><\/li><\/ul><p>\u00danicament et correspondr\u00e0 la teva part de leg\u00edtima <u>si amb el que reps com a hereu o hereva a trav\u00e9s de l&#8217;her\u00e8ncia, no es cubreix la teva quota com a legitimari \/ a.<\/u><\/p><p>\u00c9s a dir, si la quota de leg\u00edtima que et correspon \u00e9s de 10.000.-\u20ac, per\u00f2 com a hereva has rebut 100.000.-\u20ac, no podr\u00e0s reclamar res; en canvi, si la quota de leg\u00edtima que et correspon \u00e9s de 10.000.-\u20ac i com a hereva has rebut 8.000.-\u20ac, podr\u00e0s reclamar el que et queda per cobrir la quota de la leg\u00edtima &#8211; 2.000.-\u20ac -.<\/p><p>En cas de ren\u00fancia a l&#8217;her\u00e8ncia, s&#8217;ent\u00e9n que es ren\u00fancia a la leg\u00edtima.<\/p><p>No obstant, cada fam\u00edlia \u00e9s un m\u00f3n, i el dret successori contempla multitud de casu\u00edstiques i excepcions que hauran de tenir-se en compte en cada cas. Per aquest motiu, \u00e9s important comptar amb l&#8217;experi\u00e8ncia d&#8217;un especialista en el dret sobre les her\u00e8ncies perqu\u00e8 pugui estudiar amb exhaustivitat el teu cas.<\/p><p><strong>\u00a0<\/strong>Des de <b>VERNER ADVOCATS<\/b>, tenim una \u00e0mplia experi\u00e8ncia en el dret sobre les her\u00e8ncies i les reclamacions de leg\u00edtima. \u00bfCreus que ets legitimari d&#8217;una her\u00e8ncia o alg\u00fa t&#8217;est\u00e0 reclamant la seva leg\u00edtima? No dubtis en consultar pr\u00e8viament els teus dubtes!<\/p>\t\t\t\t\t\t\t\t<\/div>\n\t\t\t\t<\/div>\n\t\t\t\t\t<\/div>\n\t\t<\/div>\n\t\t\t\t\t<\/div>\n\t\t<\/section>\n\t\t\t\t<\/div>\n\t\t","protected":false},"excerpt":{"rendered":"<p>Qu\u00e8 \u00e9s el dret a la leg\u00edtima? El dret a la leg\u00edtima \u00e9s un dret que preveu l&#8217;ordenament \u00a0civil i consisteix en aquella porci\u00f3 de l&#8217;her\u00e8ncia que la llei assigna de manera obligat\u00f2ria a uns certs familiars, independentment dels hereus designats pel causant. Son els anomenats \u201chereus for\u00e7osos\u201d. La finalitat que persegueix el dret a [&hellip;]<\/p>\n","protected":false},"author":2,"featured_media":2614,"comment_status":"closed","ping_status":"closed","sticky":false,"template":"","format":"standard","meta":{"_joinchat":[],"footnotes":""},"categories":[87],"tags":[],"class_list":["post-2766","post","type-post","status-publish","format-standard","has-post-thumbnail","hentry","category-herencies"],"yoast_head":"<!-- This site is optimized with the Yoast SEO plugin v27.3 - https:\/\/yoast.com\/product\/yoast-seo-wordpress\/ -->\n<title>EL DRET A LA LEG\u00cdTIMA A CATALUNYA - Verner Abogados %<\/title>\n<meta name=\"description\" content=\"La lleg\u00edtima \u00e9s un dret de cr\u00e8dit front l&#039;her\u00e8ncia. A Catalunya, consisteix en la quarta part de la massa heredit\u00e0ria a repartir entre els legitimaris. Els legitimaris son, en primer lloc, els fills i nets; i, en defecte d&#039;aix\u00f2, els pares i mares.\" \/>\n<meta name=\"robots\" content=\"index, follow, max-snippet:-1, max-image-preview:large, max-video-preview:-1\" \/>\n<link rel=\"canonical\" href=\"https:\/\/vernerabogados.com\/ca\/el-dret-a-la-legitima-a-catalunya\/\" \/>\n<meta property=\"og:locale\" content=\"ca_ES\" \/>\n<meta property=\"og:type\" content=\"article\" \/>\n<meta property=\"og:title\" content=\"EL DRET A LA LEG\u00cdTIMA A CATALUNYA - Verner Abogados %\" \/>\n<meta property=\"og:description\" content=\"La lleg\u00edtima \u00e9s un dret de cr\u00e8dit front l&#039;her\u00e8ncia. A Catalunya, consisteix en la quarta part de la massa heredit\u00e0ria a repartir entre els legitimaris. Els legitimaris son, en primer lloc, els fills i nets; i, en defecte d&#039;aix\u00f2, els pares i mares.\" \/>\n<meta property=\"og:url\" content=\"https:\/\/vernerabogados.com\/ca\/el-dret-a-la-legitima-a-catalunya\/\" \/>\n<meta property=\"og:site_name\" content=\"Verner Abogados\" \/>\n<meta property=\"article:published_time\" content=\"2023-05-09T16:18:04+00:00\" \/>\n<meta property=\"article:modified_time\" content=\"2023-08-15T09:32:05+00:00\" \/>\n<meta property=\"og:image\" content=\"https:\/\/vernerabogados.com\/wp-content\/uploads\/2023\/05\/pexels-cottonbro-studio-5960399-scaled.jpg\" \/>\n\t<meta property=\"og:image:width\" content=\"2560\" \/>\n\t<meta property=\"og:image:height\" content=\"1706\" \/>\n\t<meta property=\"og:image:type\" content=\"image\/jpeg\" \/>\n<meta name=\"author\" content=\"Clara Balius\" \/>\n<meta name=\"twitter:card\" content=\"summary_large_image\" \/>\n<meta name=\"twitter:label1\" content=\"Escrit per\" \/>\n\t<meta name=\"twitter:data1\" content=\"Clara Balius\" \/>\n\t<meta name=\"twitter:label2\" content=\"Temps estimat de lectura\" \/>\n\t<meta name=\"twitter:data2\" content=\"3 minuts\" \/>\n<script type=\"application\/ld+json\" class=\"yoast-schema-graph\">{\"@context\":\"https:\\\/\\\/schema.org\",\"@graph\":[{\"@type\":\"Article\",\"@id\":\"https:\\\/\\\/vernerabogados.com\\\/ca\\\/el-dret-a-la-legitima-a-catalunya\\\/#article\",\"isPartOf\":{\"@id\":\"https:\\\/\\\/vernerabogados.com\\\/ca\\\/el-dret-a-la-legitima-a-catalunya\\\/\"},\"author\":{\"name\":\"Clara Balius\",\"@id\":\"https:\\\/\\\/vernerabogados.com\\\/ca\\\/#\\\/schema\\\/person\\\/ea4cca441017df6dec75f5d287a69197\"},\"headline\":\"EL DRET A LA LEG\u00cdTIMA A CATALUNYA\",\"datePublished\":\"2023-05-09T16:18:04+00:00\",\"dateModified\":\"2023-08-15T09:32:05+00:00\",\"mainEntityOfPage\":{\"@id\":\"https:\\\/\\\/vernerabogados.com\\\/ca\\\/el-dret-a-la-legitima-a-catalunya\\\/\"},\"wordCount\":580,\"publisher\":{\"@id\":\"https:\\\/\\\/vernerabogados.com\\\/ca\\\/#organization\"},\"image\":{\"@id\":\"https:\\\/\\\/vernerabogados.com\\\/ca\\\/el-dret-a-la-legitima-a-catalunya\\\/#primaryimage\"},\"thumbnailUrl\":\"https:\\\/\\\/vernerabogados.com\\\/wp-content\\\/uploads\\\/2023\\\/05\\\/pexels-cottonbro-studio-5960399-scaled.jpg\",\"articleSection\":[\"Her\u00e8ncies\"],\"inLanguage\":\"ca\"},{\"@type\":\"WebPage\",\"@id\":\"https:\\\/\\\/vernerabogados.com\\\/ca\\\/el-dret-a-la-legitima-a-catalunya\\\/\",\"url\":\"https:\\\/\\\/vernerabogados.com\\\/ca\\\/el-dret-a-la-legitima-a-catalunya\\\/\",\"name\":\"EL DRET A LA LEG\u00cdTIMA A CATALUNYA - Verner Abogados %\",\"isPartOf\":{\"@id\":\"https:\\\/\\\/vernerabogados.com\\\/ca\\\/#website\"},\"primaryImageOfPage\":{\"@id\":\"https:\\\/\\\/vernerabogados.com\\\/ca\\\/el-dret-a-la-legitima-a-catalunya\\\/#primaryimage\"},\"image\":{\"@id\":\"https:\\\/\\\/vernerabogados.com\\\/ca\\\/el-dret-a-la-legitima-a-catalunya\\\/#primaryimage\"},\"thumbnailUrl\":\"https:\\\/\\\/vernerabogados.com\\\/wp-content\\\/uploads\\\/2023\\\/05\\\/pexels-cottonbro-studio-5960399-scaled.jpg\",\"datePublished\":\"2023-05-09T16:18:04+00:00\",\"dateModified\":\"2023-08-15T09:32:05+00:00\",\"description\":\"La lleg\u00edtima \u00e9s un dret de cr\u00e8dit front l'her\u00e8ncia. A Catalunya, consisteix en la quarta part de la massa heredit\u00e0ria a repartir entre els legitimaris. Els legitimaris son, en primer lloc, els fills i nets; i, en defecte d'aix\u00f2, els pares i mares.\",\"breadcrumb\":{\"@id\":\"https:\\\/\\\/vernerabogados.com\\\/ca\\\/el-dret-a-la-legitima-a-catalunya\\\/#breadcrumb\"},\"inLanguage\":\"ca\",\"potentialAction\":[{\"@type\":\"ReadAction\",\"target\":[\"https:\\\/\\\/vernerabogados.com\\\/ca\\\/el-dret-a-la-legitima-a-catalunya\\\/\"]}]},{\"@type\":\"ImageObject\",\"inLanguage\":\"ca\",\"@id\":\"https:\\\/\\\/vernerabogados.com\\\/ca\\\/el-dret-a-la-legitima-a-catalunya\\\/#primaryimage\",\"url\":\"https:\\\/\\\/vernerabogados.com\\\/wp-content\\\/uploads\\\/2023\\\/05\\\/pexels-cottonbro-studio-5960399-scaled.jpg\",\"contentUrl\":\"https:\\\/\\\/vernerabogados.com\\\/wp-content\\\/uploads\\\/2023\\\/05\\\/pexels-cottonbro-studio-5960399-scaled.jpg\",\"width\":2560,\"height\":1706,\"caption\":\"leg\u00edtima herencia\"},{\"@type\":\"BreadcrumbList\",\"@id\":\"https:\\\/\\\/vernerabogados.com\\\/ca\\\/el-dret-a-la-legitima-a-catalunya\\\/#breadcrumb\",\"itemListElement\":[{\"@type\":\"ListItem\",\"position\":1,\"name\":\"Portada\",\"item\":\"https:\\\/\\\/vernerabogados.com\\\/ca\\\/\"},{\"@type\":\"ListItem\",\"position\":2,\"name\":\"EL DRET A LA LEG\u00cdTIMA A CATALUNYA\"}]},{\"@type\":\"WebSite\",\"@id\":\"https:\\\/\\\/vernerabogados.com\\\/ca\\\/#website\",\"url\":\"https:\\\/\\\/vernerabogados.com\\\/ca\\\/\",\"name\":\"Verner Abogados\",\"description\":\"Abogados en Barcelona y Andorra. Proteger a nuestros clientes, nuestra prioridad\",\"publisher\":{\"@id\":\"https:\\\/\\\/vernerabogados.com\\\/ca\\\/#organization\"},\"alternateName\":\"Verner\",\"potentialAction\":[{\"@type\":\"SearchAction\",\"target\":{\"@type\":\"EntryPoint\",\"urlTemplate\":\"https:\\\/\\\/vernerabogados.com\\\/ca\\\/?s={search_term_string}\"},\"query-input\":{\"@type\":\"PropertyValueSpecification\",\"valueRequired\":true,\"valueName\":\"search_term_string\"}}],\"inLanguage\":\"ca\"},{\"@type\":\"Organization\",\"@id\":\"https:\\\/\\\/vernerabogados.com\\\/ca\\\/#organization\",\"name\":\"Verner Abogados\",\"url\":\"https:\\\/\\\/vernerabogados.com\\\/ca\\\/\",\"logo\":{\"@type\":\"ImageObject\",\"inLanguage\":\"ca\",\"@id\":\"https:\\\/\\\/vernerabogados.com\\\/ca\\\/#\\\/schema\\\/logo\\\/image\\\/\",\"url\":\"https:\\\/\\\/vernerabogados.com\\\/wp-content\\\/uploads\\\/2022\\\/12\\\/logo-horizontal.png\",\"contentUrl\":\"https:\\\/\\\/vernerabogados.com\\\/wp-content\\\/uploads\\\/2022\\\/12\\\/logo-horizontal.png\",\"width\":443,\"height\":67,\"caption\":\"Verner Abogados\"},\"image\":{\"@id\":\"https:\\\/\\\/vernerabogados.com\\\/ca\\\/#\\\/schema\\\/logo\\\/image\\\/\"}},{\"@type\":\"Person\",\"@id\":\"https:\\\/\\\/vernerabogados.com\\\/ca\\\/#\\\/schema\\\/person\\\/ea4cca441017df6dec75f5d287a69197\",\"name\":\"Clara Balius\",\"image\":{\"@type\":\"ImageObject\",\"inLanguage\":\"ca\",\"@id\":\"https:\\\/\\\/secure.gravatar.com\\\/avatar\\\/5826f1b414d742fd239b9882c67dc8e5fc193eb332197dd902845ecf4adba6eb?s=96&d=mm&r=g\",\"url\":\"https:\\\/\\\/secure.gravatar.com\\\/avatar\\\/5826f1b414d742fd239b9882c67dc8e5fc193eb332197dd902845ecf4adba6eb?s=96&d=mm&r=g\",\"contentUrl\":\"https:\\\/\\\/secure.gravatar.com\\\/avatar\\\/5826f1b414d742fd239b9882c67dc8e5fc193eb332197dd902845ecf4adba6eb?s=96&d=mm&r=g\",\"caption\":\"Clara Balius\"}}]}<\/script>\n<!-- \/ Yoast SEO plugin. -->","yoast_head_json":{"title":"EL DRET A LA LEG\u00cdTIMA A CATALUNYA - Verner Abogados %","description":"La lleg\u00edtima \u00e9s un dret de cr\u00e8dit front l'her\u00e8ncia. A Catalunya, consisteix en la quarta part de la massa heredit\u00e0ria a repartir entre els legitimaris. Els legitimaris son, en primer lloc, els fills i nets; i, en defecte d'aix\u00f2, els pares i mares.","robots":{"index":"index","follow":"follow","max-snippet":"max-snippet:-1","max-image-preview":"max-image-preview:large","max-video-preview":"max-video-preview:-1"},"canonical":"https:\/\/vernerabogados.com\/ca\/el-dret-a-la-legitima-a-catalunya\/","og_locale":"ca_ES","og_type":"article","og_title":"EL DRET A LA LEG\u00cdTIMA A CATALUNYA - Verner Abogados %","og_description":"La lleg\u00edtima \u00e9s un dret de cr\u00e8dit front l'her\u00e8ncia. A Catalunya, consisteix en la quarta part de la massa heredit\u00e0ria a repartir entre els legitimaris. Els legitimaris son, en primer lloc, els fills i nets; i, en defecte d'aix\u00f2, els pares i mares.","og_url":"https:\/\/vernerabogados.com\/ca\/el-dret-a-la-legitima-a-catalunya\/","og_site_name":"Verner Abogados","article_published_time":"2023-05-09T16:18:04+00:00","article_modified_time":"2023-08-15T09:32:05+00:00","og_image":[{"width":2560,"height":1706,"url":"https:\/\/vernerabogados.com\/wp-content\/uploads\/2023\/05\/pexels-cottonbro-studio-5960399-scaled.jpg","type":"image\/jpeg"}],"author":"Clara Balius","twitter_card":"summary_large_image","twitter_misc":{"Escrit per":"Clara Balius","Temps estimat de lectura":"3 minuts"},"schema":{"@context":"https:\/\/schema.org","@graph":[{"@type":"Article","@id":"https:\/\/vernerabogados.com\/ca\/el-dret-a-la-legitima-a-catalunya\/#article","isPartOf":{"@id":"https:\/\/vernerabogados.com\/ca\/el-dret-a-la-legitima-a-catalunya\/"},"author":{"name":"Clara Balius","@id":"https:\/\/vernerabogados.com\/ca\/#\/schema\/person\/ea4cca441017df6dec75f5d287a69197"},"headline":"EL DRET A LA LEG\u00cdTIMA A CATALUNYA","datePublished":"2023-05-09T16:18:04+00:00","dateModified":"2023-08-15T09:32:05+00:00","mainEntityOfPage":{"@id":"https:\/\/vernerabogados.com\/ca\/el-dret-a-la-legitima-a-catalunya\/"},"wordCount":580,"publisher":{"@id":"https:\/\/vernerabogados.com\/ca\/#organization"},"image":{"@id":"https:\/\/vernerabogados.com\/ca\/el-dret-a-la-legitima-a-catalunya\/#primaryimage"},"thumbnailUrl":"https:\/\/vernerabogados.com\/wp-content\/uploads\/2023\/05\/pexels-cottonbro-studio-5960399-scaled.jpg","articleSection":["Her\u00e8ncies"],"inLanguage":"ca"},{"@type":"WebPage","@id":"https:\/\/vernerabogados.com\/ca\/el-dret-a-la-legitima-a-catalunya\/","url":"https:\/\/vernerabogados.com\/ca\/el-dret-a-la-legitima-a-catalunya\/","name":"EL DRET A LA LEG\u00cdTIMA A CATALUNYA - Verner Abogados %","isPartOf":{"@id":"https:\/\/vernerabogados.com\/ca\/#website"},"primaryImageOfPage":{"@id":"https:\/\/vernerabogados.com\/ca\/el-dret-a-la-legitima-a-catalunya\/#primaryimage"},"image":{"@id":"https:\/\/vernerabogados.com\/ca\/el-dret-a-la-legitima-a-catalunya\/#primaryimage"},"thumbnailUrl":"https:\/\/vernerabogados.com\/wp-content\/uploads\/2023\/05\/pexels-cottonbro-studio-5960399-scaled.jpg","datePublished":"2023-05-09T16:18:04+00:00","dateModified":"2023-08-15T09:32:05+00:00","description":"La lleg\u00edtima \u00e9s un dret de cr\u00e8dit front l'her\u00e8ncia. A Catalunya, consisteix en la quarta part de la massa heredit\u00e0ria a repartir entre els legitimaris. Els legitimaris son, en primer lloc, els fills i nets; i, en defecte d'aix\u00f2, els pares i mares.","breadcrumb":{"@id":"https:\/\/vernerabogados.com\/ca\/el-dret-a-la-legitima-a-catalunya\/#breadcrumb"},"inLanguage":"ca","potentialAction":[{"@type":"ReadAction","target":["https:\/\/vernerabogados.com\/ca\/el-dret-a-la-legitima-a-catalunya\/"]}]},{"@type":"ImageObject","inLanguage":"ca","@id":"https:\/\/vernerabogados.com\/ca\/el-dret-a-la-legitima-a-catalunya\/#primaryimage","url":"https:\/\/vernerabogados.com\/wp-content\/uploads\/2023\/05\/pexels-cottonbro-studio-5960399-scaled.jpg","contentUrl":"https:\/\/vernerabogados.com\/wp-content\/uploads\/2023\/05\/pexels-cottonbro-studio-5960399-scaled.jpg","width":2560,"height":1706,"caption":"leg\u00edtima herencia"},{"@type":"BreadcrumbList","@id":"https:\/\/vernerabogados.com\/ca\/el-dret-a-la-legitima-a-catalunya\/#breadcrumb","itemListElement":[{"@type":"ListItem","position":1,"name":"Portada","item":"https:\/\/vernerabogados.com\/ca\/"},{"@type":"ListItem","position":2,"name":"EL DRET A LA LEG\u00cdTIMA A CATALUNYA"}]},{"@type":"WebSite","@id":"https:\/\/vernerabogados.com\/ca\/#website","url":"https:\/\/vernerabogados.com\/ca\/","name":"Verner Abogados","description":"Abogados en Barcelona y Andorra. Proteger a nuestros clientes, nuestra prioridad","publisher":{"@id":"https:\/\/vernerabogados.com\/ca\/#organization"},"alternateName":"Verner","potentialAction":[{"@type":"SearchAction","target":{"@type":"EntryPoint","urlTemplate":"https:\/\/vernerabogados.com\/ca\/?s={search_term_string}"},"query-input":{"@type":"PropertyValueSpecification","valueRequired":true,"valueName":"search_term_string"}}],"inLanguage":"ca"},{"@type":"Organization","@id":"https:\/\/vernerabogados.com\/ca\/#organization","name":"Verner Abogados","url":"https:\/\/vernerabogados.com\/ca\/","logo":{"@type":"ImageObject","inLanguage":"ca","@id":"https:\/\/vernerabogados.com\/ca\/#\/schema\/logo\/image\/","url":"https:\/\/vernerabogados.com\/wp-content\/uploads\/2022\/12\/logo-horizontal.png","contentUrl":"https:\/\/vernerabogados.com\/wp-content\/uploads\/2022\/12\/logo-horizontal.png","width":443,"height":67,"caption":"Verner Abogados"},"image":{"@id":"https:\/\/vernerabogados.com\/ca\/#\/schema\/logo\/image\/"}},{"@type":"Person","@id":"https:\/\/vernerabogados.com\/ca\/#\/schema\/person\/ea4cca441017df6dec75f5d287a69197","name":"Clara Balius","image":{"@type":"ImageObject","inLanguage":"ca","@id":"https:\/\/secure.gravatar.com\/avatar\/5826f1b414d742fd239b9882c67dc8e5fc193eb332197dd902845ecf4adba6eb?s=96&d=mm&r=g","url":"https:\/\/secure.gravatar.com\/avatar\/5826f1b414d742fd239b9882c67dc8e5fc193eb332197dd902845ecf4adba6eb?s=96&d=mm&r=g","contentUrl":"https:\/\/secure.gravatar.com\/avatar\/5826f1b414d742fd239b9882c67dc8e5fc193eb332197dd902845ecf4adba6eb?s=96&d=mm&r=g","caption":"Clara Balius"}}]}},"_links":{"self":[{"href":"https:\/\/vernerabogados.com\/ca\/wp-json\/wp\/v2\/posts\/2766","targetHints":{"allow":["GET"]}}],"collection":[{"href":"https:\/\/vernerabogados.com\/ca\/wp-json\/wp\/v2\/posts"}],"about":[{"href":"https:\/\/vernerabogados.com\/ca\/wp-json\/wp\/v2\/types\/post"}],"author":[{"embeddable":true,"href":"https:\/\/vernerabogados.com\/ca\/wp-json\/wp\/v2\/users\/2"}],"replies":[{"embeddable":true,"href":"https:\/\/vernerabogados.com\/ca\/wp-json\/wp\/v2\/comments?post=2766"}],"version-history":[{"count":6,"href":"https:\/\/vernerabogados.com\/ca\/wp-json\/wp\/v2\/posts\/2766\/revisions"}],"predecessor-version":[{"id":2775,"href":"https:\/\/vernerabogados.com\/ca\/wp-json\/wp\/v2\/posts\/2766\/revisions\/2775"}],"wp:featuredmedia":[{"embeddable":true,"href":"https:\/\/vernerabogados.com\/ca\/wp-json\/wp\/v2\/media\/2614"}],"wp:attachment":[{"href":"https:\/\/vernerabogados.com\/ca\/wp-json\/wp\/v2\/media?parent=2766"}],"wp:term":[{"taxonomy":"category","embeddable":true,"href":"https:\/\/vernerabogados.com\/ca\/wp-json\/wp\/v2\/categories?post=2766"},{"taxonomy":"post_tag","embeddable":true,"href":"https:\/\/vernerabogados.com\/ca\/wp-json\/wp\/v2\/tags?post=2766"}],"curies":[{"name":"wp","href":"https:\/\/api.w.org\/{rel}","templated":true}]}}