{"id":2777,"date":"2023-06-22T09:56:46","date_gmt":"2023-06-22T09:56:46","guid":{"rendered":"https:\/\/vernerabogados.com\/quines-son-les-consequencies-de-no-pagar-la-pensio-daliments\/"},"modified":"2025-05-15T11:22:18","modified_gmt":"2025-05-15T11:22:18","slug":"quines-son-les-consequencies-de-no-pagar-la-pensio-daliments","status":"publish","type":"post","link":"https:\/\/vernerabogados.com\/ca\/quines-son-les-consequencies-de-no-pagar-la-pensio-daliments\/","title":{"rendered":"Quines son les conseq\u00fc\u00e8ncies de no pagar la pensi\u00f3 d&#8217;aliments?"},"content":{"rendered":"\t\t<div data-elementor-type=\"wp-post\" data-elementor-id=\"2777\" class=\"elementor elementor-2777 elementor-2739\" data-elementor-post-type=\"post\">\n\t\t\t\t\t\t<section class=\"elementor-section elementor-top-section elementor-element elementor-element-10939d82 elementor-section-boxed elementor-section-height-default elementor-section-height-default\" data-id=\"10939d82\" data-element_type=\"section\" data-e-type=\"section\">\n\t\t\t\t\t\t<div class=\"elementor-container elementor-column-gap-default\">\n\t\t\t\t\t<div class=\"elementor-column elementor-col-100 elementor-top-column elementor-element elementor-element-56ab726b\" data-id=\"56ab726b\" data-element_type=\"column\" data-e-type=\"column\">\n\t\t\t<div class=\"elementor-widget-wrap elementor-element-populated\">\n\t\t\t\t\t\t<div class=\"elementor-element elementor-element-1de0a5ed elementor-widget elementor-widget-text-editor\" data-id=\"1de0a5ed\" data-element_type=\"widget\" data-e-type=\"widget\" data-widget_type=\"text-editor.default\">\n\t\t\t\t<div class=\"elementor-widget-container\">\n\t\t\t\t\t\t\t\t\t<p><span data-contrast=\"auto\">Es fundamental tener en cuenta que, <\/span><b><span data-contrast=\"auto\">para poder reclamar el impago de la pensi\u00f3n alimenticia,<\/span><\/b> <b><span data-contrast=\"auto\">se requiere que previamente haya sido establecida mediante un convenio regulador<\/span><\/b><span data-contrast=\"auto\"> si ha sido de mutuo acuerdo, <\/span><b><span data-contrast=\"auto\">o a trav\u00e9s de una sentencia judicial <\/span><\/b><span data-contrast=\"auto\">en el caso de un divorcio contencioso. De esta manera, el progenitor se encuentra en la obligaci\u00f3n de abonar mensualmente la manutenci\u00f3n correspondiente a sus hijos.<\/span><span data-ccp-props=\"{&quot;201341983&quot;:0,&quot;335551550&quot;:6,&quot;335551620&quot;:6,&quot;335559739&quot;:160,&quot;335559740&quot;:256}\">\u00a0<\/span><\/p><p><span data-contrast=\"auto\">Existen diferentes <\/span><span data-contrast=\"auto\">motivos<\/span><span data-contrast=\"auto\"> por los cuales el obligado <\/span><span data-contrast=\"auto\">no puede<\/span><span data-contrast=\"auto\"> (problemas de insolvencia) <\/span><span data-contrast=\"auto\">o no quiere<\/span><span data-contrast=\"auto\"> (cuestiones personales) <\/span><span data-contrast=\"auto\">abonar la pensi\u00f3n de alimentos<\/span><span data-contrast=\"auto\">. No obstante, es importante tener en cuenta que, independientemente del motivo, el <\/span><b><span data-contrast=\"auto\">incumplimiento<\/span><\/b><span data-contrast=\"auto\"> de esta obligaci\u00f3n puede <\/span><b><span data-contrast=\"auto\">acarrear sanciones<\/span><\/b><span data-contrast=\"auto\">, tales como <\/span><b><span data-contrast=\"auto\">multas, penas de prisi\u00f3n, embargos o incluso la p\u00e9rdida de la patria potestad en casos extremos<\/span><\/b><span data-ccp-props=\"{&quot;201341983&quot;:0,&quot;335551550&quot;:6,&quot;335551620&quot;:6,&quot;335559739&quot;:160,&quot;335559740&quot;:256}\">\u00a0<\/span><\/p><p>\u00a0<\/p><ul><li><strong>NO PUEDO PAGAR LA PENSI\u00d3N DE ALIMENTOS<\/strong><\/li><\/ul><p>\u00a0<\/p><p><span data-contrast=\"auto\">Si el progenitor obligado a pagar la pensi\u00f3n de alimentos se encuentra en una <\/span><b><span data-contrast=\"auto\">situaci\u00f3n de dificultad econ\u00f3mica<\/span><\/b><span data-contrast=\"auto\"> que le impide cumplir con la obligaci\u00f3n, lo m\u00e1s <\/span><b><span data-contrast=\"auto\">recomendable<\/span><\/b><span data-contrast=\"auto\"> es <\/span><b><span data-contrast=\"auto\">buscar un acuerdo<\/span><\/b><span data-contrast=\"auto\"> con la otra parte para reducir o aplazar los pagos.\u00a0<\/span><span data-ccp-props=\"{&quot;201341983&quot;:0,&quot;335551550&quot;:6,&quot;335551620&quot;:6,&quot;335559739&quot;:160,&quot;335559740&quot;:256}\">\u00a0<\/span><\/p><p><span data-contrast=\"auto\">Si no se llega a un acuerdo, se puede recurrir a los tribunales y <\/span><b><span data-contrast=\"auto\">solicitar una modificaci\u00f3n de las medidas definitivas de la pensi\u00f3n alimenticia, <\/span><\/b><span data-contrast=\"auto\">siempre y cuando se pueda demostrar que ha habido cambios significativos en las circunstancias personales del obligado desde que se estableci\u00f3 la pensi\u00f3n.\u00a0<\/span><span data-ccp-props=\"{&quot;201341983&quot;:0,&quot;335551550&quot;:6,&quot;335551620&quot;:6,&quot;335559739&quot;:160,&quot;335559740&quot;:256}\">\u00a0<\/span><\/p><p><span data-contrast=\"auto\">En cualquier caso, es <\/span><span data-contrast=\"auto\">importante no dejar de pagar la pensi\u00f3n sin justificaci\u00f3n<\/span><span data-contrast=\"auto\">, ya que puede acarrear consecuencias legales graves.<\/span><\/p><p><span data-ccp-props=\"{&quot;201341983&quot;:0,&quot;335551550&quot;:6,&quot;335551620&quot;:6,&quot;335559739&quot;:160,&quot;335559740&quot;:256}\">\u00a0<\/span><\/p><ul><li><strong>NO QUIERE PAGAR LA PENSI\u00d3N DE ALIMENTOS<\/strong><span data-ccp-props=\"{&quot;201341983&quot;:0,&quot;335551550&quot;:6,&quot;335551620&quot;:6,&quot;335559739&quot;:160,&quot;335559740&quot;:256}\">\u00a0<\/span><\/li><\/ul><p>\u00a0<\/p><p><span data-contrast=\"auto\">El impago de la pensi\u00f3n alimenticia es una <\/span><b><span data-contrast=\"auto\">falta grave y tiene graves consecuencias<\/span><\/b><span data-contrast=\"auto\"> legales. Si uno de los progenitores se niega a pagar la pensi\u00f3n acordada en la sentencia o convenio regulador, el otro <\/span><span data-contrast=\"auto\">progenitor puede tomar medidas legales para hacer cumplir el acuerdo.<\/span><span data-ccp-props=\"{&quot;201341983&quot;:0,&quot;335551550&quot;:6,&quot;335551620&quot;:6,&quot;335559739&quot;:160,&quot;335559740&quot;:256}\">\u00a0<\/span><\/p><p><span data-contrast=\"auto\">Existen dos v\u00edas para reclamar la pensi\u00f3n de alimentos de los hijos:<\/span><span data-ccp-props=\"{&quot;201341983&quot;:0,&quot;335551550&quot;:6,&quot;335551620&quot;:6,&quot;335559739&quot;:160,&quot;335559740&quot;:256}\">\u00a0<\/span><\/p><ul><li><b><span data-contrast=\"auto\">\u00a0V\u00cdA CIVIL:<\/span><\/b><span data-contrast=\"auto\"> En caso de impago de la pensi\u00f3n de alimentos, se puede presentar una <\/span><b><span data-contrast=\"auto\">demanda de ejecuci\u00f3n de la sentencia<\/span><\/b><span data-contrast=\"auto\"> ante el mismo juez que estableci\u00f3 la pensi\u00f3n. Esto permitir\u00e1 iniciar la reclamaci\u00f3n de la cantidad adeudada. Las <\/span><b><span data-contrast=\"auto\">consecuencias<\/span><\/b><span data-contrast=\"auto\"> de la ejecuci\u00f3n de la sentencia son <\/span><b><span data-contrast=\"auto\">exclusivamente patrimoniales<\/span><\/b><span data-contrast=\"auto\">. Esto significa que se pueden embargar diversos bienes del progenitor que no ha pagado, como sus cuentas bancarias, n\u00f3minas, pensiones, bienes inmuebles, veh\u00edculos, entre otros.<\/span><span data-ccp-props=\"{&quot;201341983&quot;:0,&quot;335551550&quot;:6,&quot;335551620&quot;:6,&quot;335559739&quot;:160,&quot;335559740&quot;:256}\">\u00a0<\/span><\/li><\/ul><p>\u00a0<\/p><ul><li><b><span data-contrast=\"auto\">V\u00cdA PENAL<\/span><\/b><span data-contrast=\"auto\">: No pagar la pensi\u00f3n de alimentos puede considerarse un <\/span><b><span data-contrast=\"auto\">delito de abandono de familia<\/span><\/b> <b><span data-contrast=\"auto\">y se puede denunciar<\/span><\/b><span data-contrast=\"auto\"> ante los juzgados de lo penal. Sin embargo, es importante destacar que para que se considere delito, debe existir una voluntariedad en no pagar la manutenci\u00f3n.\u00a0<\/span><\/li><\/ul><p style=\"padding-left: 40px;\">El art\u00edculo 227 del C\u00f3digo Penal establece que se comete un delito por impago de pensi\u00f3n de alimentos <span data-contrast=\"auto\">cuando se deje de pagar durante dos meses consecutivos o cuatro meses no consecutivos<\/span><span data-contrast=\"auto\"> cualquier prestaci\u00f3n econ\u00f3mica a favor del c\u00f3nyuge o de los hijos, establecida en convenio judicialmente aprobado o por resoluci\u00f3n judicial. Conlleva <\/span><b><span data-contrast=\"auto\">penas que van desde los 3 meses a 1 a\u00f1o de prisi\u00f3n o multas que van d ellos 6 a 24 meses<\/span><\/b><span data-contrast=\"auto\">, <\/span><b><span data-contrast=\"auto\">adem\u00e1s del pago de los atrasos.<\/span><\/b><span data-ccp-props=\"{&quot;201341983&quot;:0,&quot;335551550&quot;:6,&quot;335551620&quot;:6,&quot;335559685&quot;:708,&quot;335559731&quot;:12,&quot;335559739&quot;:160,&quot;335559740&quot;:256}\">\u00a0<\/span><\/p><p><span data-contrast=\"auto\">Si tienes problemas relacionados con el pago o el cobro de la pensi\u00f3n alimenticia, no dude en contactar con <\/span><b><span data-contrast=\"none\">VERNER ABOGADOS<\/span><\/b><span data-contrast=\"auto\">, recibir\u00e1s asesoramiento legal personalizado y resolver\u00e1n todas tus dudas. Analizaremos tu caso concreto y te informaremos de las posibilidades y viabilidad de \u00e9xito. Estamos comprometidos en brindarte el mejor servicio legal para resolver tu situaci\u00f3n de manera efectiva y satisfactoria. <\/span><\/p><p><span data-contrast=\"auto\">\u00a1No dudes en contactarnos para agendar una consulta!<\/span><\/p>\t\t\t\t\t\t\t\t<\/div>\n\t\t\t\t<\/div>\n\t\t\t\t\t<\/div>\n\t\t<\/div>\n\t\t\t\t\t<\/div>\n\t\t<\/section>\n\t\t\t\t<\/div>\n\t\t","protected":false},"excerpt":{"rendered":"<p>\u00c9s fonamental tenir en compte que, per a poder reclamar l&#8217;impagament de la pensi\u00f3 d&#8217;aliments, es requereix que pr\u00e8viament hagi estat establerta mitjan\u00e7ant un conveni regulador si ha estat de mutu acord, o a trav\u00e9s d&#8217;una sent\u00e8ncia judicial en el cas d&#8217;un divorci contenci\u00f3s. D&#8217;aquesta manera, el progenitor es troba en l&#8217;obligaci\u00f3 d&#8217;abonar mensualment la [&hellip;]<\/p>\n","protected":false},"author":2,"featured_media":2218,"comment_status":"closed","ping_status":"closed","sticky":false,"template":"","format":"standard","meta":{"_joinchat":[],"footnotes":""},"categories":[27],"tags":[103,61,96,100,102,101,63,64,97,95,94,99,98],"class_list":["post-2777","post","type-post","status-publish","format-standard","has-post-thumbnail","hentry","category-familia-ca","tag-abandonament","tag-advocat","tag-aliments","tag-delicte","tag-delicte-abandonament","tag-deute","tag-especialista-ca","tag-familia-ca","tag-fills","tag-pensio","tag-pensio-aliments","tag-reclamacio","tag-reclamar-ca"],"yoast_head":"<!-- This site is optimized with the Yoast SEO plugin v27.3 - https:\/\/yoast.com\/product\/yoast-seo-wordpress\/ -->\n<title>Quines son les conseq\u00fc\u00e8ncies de no pagar la pensi\u00f3 d&#039;aliments? - Verner Abogados<\/title>\n<meta name=\"description\" content=\"Quan no es paga la pensi\u00f3 d&#039;aliments, la mateixa es pot reclamar o b\u00e9 per la via civil o b\u00e9 per la via penal.\" \/>\n<meta name=\"robots\" content=\"index, follow, max-snippet:-1, max-image-preview:large, max-video-preview:-1\" \/>\n<link rel=\"canonical\" href=\"https:\/\/vernerabogados.com\/ca\/quines-son-les-consequencies-de-no-pagar-la-pensio-daliments\/\" \/>\n<meta property=\"og:locale\" content=\"ca_ES\" \/>\n<meta property=\"og:type\" content=\"article\" \/>\n<meta property=\"og:title\" content=\"Quines son les conseq\u00fc\u00e8ncies de no pagar la pensi\u00f3 d&#039;aliments? - Verner Abogados\" \/>\n<meta property=\"og:description\" content=\"Quan no es paga la pensi\u00f3 d&#039;aliments, la mateixa es pot reclamar o b\u00e9 per la via civil o b\u00e9 per la via penal.\" \/>\n<meta property=\"og:url\" content=\"https:\/\/vernerabogados.com\/ca\/quines-son-les-consequencies-de-no-pagar-la-pensio-daliments\/\" \/>\n<meta property=\"og:site_name\" content=\"Verner Abogados\" \/>\n<meta property=\"article:published_time\" content=\"2023-06-22T09:56:46+00:00\" \/>\n<meta property=\"article:modified_time\" content=\"2025-05-15T11:22:18+00:00\" \/>\n<meta property=\"og:image\" content=\"https:\/\/vernerabogados.com\/wp-content\/uploads\/2023\/03\/ninos-blog-verner-abogados.jpg\" \/>\n\t<meta property=\"og:image:width\" content=\"1200\" \/>\n\t<meta property=\"og:image:height\" content=\"800\" \/>\n\t<meta property=\"og:image:type\" content=\"image\/jpeg\" \/>\n<meta name=\"author\" content=\"Clara Balius\" \/>\n<meta name=\"twitter:card\" content=\"summary_large_image\" \/>\n<meta name=\"twitter:label1\" content=\"Escrit per\" \/>\n\t<meta name=\"twitter:data1\" content=\"Clara Balius\" \/>\n\t<meta name=\"twitter:label2\" content=\"Temps estimat de lectura\" \/>\n\t<meta name=\"twitter:data2\" content=\"3 minuts\" \/>\n<script type=\"application\/ld+json\" class=\"yoast-schema-graph\">{\"@context\":\"https:\\\/\\\/schema.org\",\"@graph\":[{\"@type\":\"Article\",\"@id\":\"https:\\\/\\\/vernerabogados.com\\\/ca\\\/quines-son-les-consequencies-de-no-pagar-la-pensio-daliments\\\/#article\",\"isPartOf\":{\"@id\":\"https:\\\/\\\/vernerabogados.com\\\/ca\\\/quines-son-les-consequencies-de-no-pagar-la-pensio-daliments\\\/\"},\"author\":{\"name\":\"Clara Balius\",\"@id\":\"https:\\\/\\\/vernerabogados.com\\\/ca\\\/#\\\/schema\\\/person\\\/ea4cca441017df6dec75f5d287a69197\"},\"headline\":\"Quines son les conseq\u00fc\u00e8ncies de no pagar la pensi\u00f3 d&#8217;aliments?\",\"datePublished\":\"2023-06-22T09:56:46+00:00\",\"dateModified\":\"2025-05-15T11:22:18+00:00\",\"mainEntityOfPage\":{\"@id\":\"https:\\\/\\\/vernerabogados.com\\\/ca\\\/quines-son-les-consequencies-de-no-pagar-la-pensio-daliments\\\/\"},\"wordCount\":599,\"publisher\":{\"@id\":\"https:\\\/\\\/vernerabogados.com\\\/ca\\\/#organization\"},\"image\":{\"@id\":\"https:\\\/\\\/vernerabogados.com\\\/ca\\\/quines-son-les-consequencies-de-no-pagar-la-pensio-daliments\\\/#primaryimage\"},\"thumbnailUrl\":\"https:\\\/\\\/vernerabogados.com\\\/wp-content\\\/uploads\\\/2023\\\/03\\\/ninos-blog-verner-abogados.jpg\",\"keywords\":[\"abandonament\",\"advocat\",\"aliments\",\"delicte\",\"delicte abandonament\",\"deute\",\"especialista\",\"familia\",\"fills\",\"pensi\u00f3\",\"pensi\u00f3 aliments\",\"reclamacio\",\"reclamar\"],\"articleSection\":[\"Familia\"],\"inLanguage\":\"ca\"},{\"@type\":\"WebPage\",\"@id\":\"https:\\\/\\\/vernerabogados.com\\\/ca\\\/quines-son-les-consequencies-de-no-pagar-la-pensio-daliments\\\/\",\"url\":\"https:\\\/\\\/vernerabogados.com\\\/ca\\\/quines-son-les-consequencies-de-no-pagar-la-pensio-daliments\\\/\",\"name\":\"Quines son les conseq\u00fc\u00e8ncies de no pagar la pensi\u00f3 d'aliments? - Verner Abogados\",\"isPartOf\":{\"@id\":\"https:\\\/\\\/vernerabogados.com\\\/ca\\\/#website\"},\"primaryImageOfPage\":{\"@id\":\"https:\\\/\\\/vernerabogados.com\\\/ca\\\/quines-son-les-consequencies-de-no-pagar-la-pensio-daliments\\\/#primaryimage\"},\"image\":{\"@id\":\"https:\\\/\\\/vernerabogados.com\\\/ca\\\/quines-son-les-consequencies-de-no-pagar-la-pensio-daliments\\\/#primaryimage\"},\"thumbnailUrl\":\"https:\\\/\\\/vernerabogados.com\\\/wp-content\\\/uploads\\\/2023\\\/03\\\/ninos-blog-verner-abogados.jpg\",\"datePublished\":\"2023-06-22T09:56:46+00:00\",\"dateModified\":\"2025-05-15T11:22:18+00:00\",\"description\":\"Quan no es paga la pensi\u00f3 d'aliments, la mateixa es pot reclamar o b\u00e9 per la via civil o b\u00e9 per la via penal.\",\"breadcrumb\":{\"@id\":\"https:\\\/\\\/vernerabogados.com\\\/ca\\\/quines-son-les-consequencies-de-no-pagar-la-pensio-daliments\\\/#breadcrumb\"},\"inLanguage\":\"ca\",\"potentialAction\":[{\"@type\":\"ReadAction\",\"target\":[\"https:\\\/\\\/vernerabogados.com\\\/ca\\\/quines-son-les-consequencies-de-no-pagar-la-pensio-daliments\\\/\"]}]},{\"@type\":\"ImageObject\",\"inLanguage\":\"ca\",\"@id\":\"https:\\\/\\\/vernerabogados.com\\\/ca\\\/quines-son-les-consequencies-de-no-pagar-la-pensio-daliments\\\/#primaryimage\",\"url\":\"https:\\\/\\\/vernerabogados.com\\\/wp-content\\\/uploads\\\/2023\\\/03\\\/ninos-blog-verner-abogados.jpg\",\"contentUrl\":\"https:\\\/\\\/vernerabogados.com\\\/wp-content\\\/uploads\\\/2023\\\/03\\\/ninos-blog-verner-abogados.jpg\",\"width\":1200,\"height\":800,\"caption\":\"pension alimentos\"},{\"@type\":\"BreadcrumbList\",\"@id\":\"https:\\\/\\\/vernerabogados.com\\\/ca\\\/quines-son-les-consequencies-de-no-pagar-la-pensio-daliments\\\/#breadcrumb\",\"itemListElement\":[{\"@type\":\"ListItem\",\"position\":1,\"name\":\"Portada\",\"item\":\"https:\\\/\\\/vernerabogados.com\\\/ca\\\/\"},{\"@type\":\"ListItem\",\"position\":2,\"name\":\"Quines son les conseq\u00fc\u00e8ncies de no pagar la pensi\u00f3 d&#8217;aliments?\"}]},{\"@type\":\"WebSite\",\"@id\":\"https:\\\/\\\/vernerabogados.com\\\/ca\\\/#website\",\"url\":\"https:\\\/\\\/vernerabogados.com\\\/ca\\\/\",\"name\":\"Verner Abogados\",\"description\":\"Abogados en Barcelona y Andorra. Proteger a nuestros clientes, nuestra prioridad\",\"publisher\":{\"@id\":\"https:\\\/\\\/vernerabogados.com\\\/ca\\\/#organization\"},\"alternateName\":\"Verner\",\"potentialAction\":[{\"@type\":\"SearchAction\",\"target\":{\"@type\":\"EntryPoint\",\"urlTemplate\":\"https:\\\/\\\/vernerabogados.com\\\/ca\\\/?s={search_term_string}\"},\"query-input\":{\"@type\":\"PropertyValueSpecification\",\"valueRequired\":true,\"valueName\":\"search_term_string\"}}],\"inLanguage\":\"ca\"},{\"@type\":\"Organization\",\"@id\":\"https:\\\/\\\/vernerabogados.com\\\/ca\\\/#organization\",\"name\":\"Verner Abogados\",\"url\":\"https:\\\/\\\/vernerabogados.com\\\/ca\\\/\",\"logo\":{\"@type\":\"ImageObject\",\"inLanguage\":\"ca\",\"@id\":\"https:\\\/\\\/vernerabogados.com\\\/ca\\\/#\\\/schema\\\/logo\\\/image\\\/\",\"url\":\"https:\\\/\\\/vernerabogados.com\\\/wp-content\\\/uploads\\\/2022\\\/12\\\/logo-horizontal.png\",\"contentUrl\":\"https:\\\/\\\/vernerabogados.com\\\/wp-content\\\/uploads\\\/2022\\\/12\\\/logo-horizontal.png\",\"width\":443,\"height\":67,\"caption\":\"Verner Abogados\"},\"image\":{\"@id\":\"https:\\\/\\\/vernerabogados.com\\\/ca\\\/#\\\/schema\\\/logo\\\/image\\\/\"}},{\"@type\":\"Person\",\"@id\":\"https:\\\/\\\/vernerabogados.com\\\/ca\\\/#\\\/schema\\\/person\\\/ea4cca441017df6dec75f5d287a69197\",\"name\":\"Clara Balius\",\"image\":{\"@type\":\"ImageObject\",\"inLanguage\":\"ca\",\"@id\":\"https:\\\/\\\/secure.gravatar.com\\\/avatar\\\/5826f1b414d742fd239b9882c67dc8e5fc193eb332197dd902845ecf4adba6eb?s=96&d=mm&r=g\",\"url\":\"https:\\\/\\\/secure.gravatar.com\\\/avatar\\\/5826f1b414d742fd239b9882c67dc8e5fc193eb332197dd902845ecf4adba6eb?s=96&d=mm&r=g\",\"contentUrl\":\"https:\\\/\\\/secure.gravatar.com\\\/avatar\\\/5826f1b414d742fd239b9882c67dc8e5fc193eb332197dd902845ecf4adba6eb?s=96&d=mm&r=g\",\"caption\":\"Clara Balius\"}}]}<\/script>\n<!-- \/ Yoast SEO plugin. -->","yoast_head_json":{"title":"Quines son les conseq\u00fc\u00e8ncies de no pagar la pensi\u00f3 d'aliments? - Verner Abogados","description":"Quan no es paga la pensi\u00f3 d'aliments, la mateixa es pot reclamar o b\u00e9 per la via civil o b\u00e9 per la via penal.","robots":{"index":"index","follow":"follow","max-snippet":"max-snippet:-1","max-image-preview":"max-image-preview:large","max-video-preview":"max-video-preview:-1"},"canonical":"https:\/\/vernerabogados.com\/ca\/quines-son-les-consequencies-de-no-pagar-la-pensio-daliments\/","og_locale":"ca_ES","og_type":"article","og_title":"Quines son les conseq\u00fc\u00e8ncies de no pagar la pensi\u00f3 d'aliments? - Verner Abogados","og_description":"Quan no es paga la pensi\u00f3 d'aliments, la mateixa es pot reclamar o b\u00e9 per la via civil o b\u00e9 per la via penal.","og_url":"https:\/\/vernerabogados.com\/ca\/quines-son-les-consequencies-de-no-pagar-la-pensio-daliments\/","og_site_name":"Verner Abogados","article_published_time":"2023-06-22T09:56:46+00:00","article_modified_time":"2025-05-15T11:22:18+00:00","og_image":[{"width":1200,"height":800,"url":"https:\/\/vernerabogados.com\/wp-content\/uploads\/2023\/03\/ninos-blog-verner-abogados.jpg","type":"image\/jpeg"}],"author":"Clara Balius","twitter_card":"summary_large_image","twitter_misc":{"Escrit per":"Clara Balius","Temps estimat de lectura":"3 minuts"},"schema":{"@context":"https:\/\/schema.org","@graph":[{"@type":"Article","@id":"https:\/\/vernerabogados.com\/ca\/quines-son-les-consequencies-de-no-pagar-la-pensio-daliments\/#article","isPartOf":{"@id":"https:\/\/vernerabogados.com\/ca\/quines-son-les-consequencies-de-no-pagar-la-pensio-daliments\/"},"author":{"name":"Clara Balius","@id":"https:\/\/vernerabogados.com\/ca\/#\/schema\/person\/ea4cca441017df6dec75f5d287a69197"},"headline":"Quines son les conseq\u00fc\u00e8ncies de no pagar la pensi\u00f3 d&#8217;aliments?","datePublished":"2023-06-22T09:56:46+00:00","dateModified":"2025-05-15T11:22:18+00:00","mainEntityOfPage":{"@id":"https:\/\/vernerabogados.com\/ca\/quines-son-les-consequencies-de-no-pagar-la-pensio-daliments\/"},"wordCount":599,"publisher":{"@id":"https:\/\/vernerabogados.com\/ca\/#organization"},"image":{"@id":"https:\/\/vernerabogados.com\/ca\/quines-son-les-consequencies-de-no-pagar-la-pensio-daliments\/#primaryimage"},"thumbnailUrl":"https:\/\/vernerabogados.com\/wp-content\/uploads\/2023\/03\/ninos-blog-verner-abogados.jpg","keywords":["abandonament","advocat","aliments","delicte","delicte abandonament","deute","especialista","familia","fills","pensi\u00f3","pensi\u00f3 aliments","reclamacio","reclamar"],"articleSection":["Familia"],"inLanguage":"ca"},{"@type":"WebPage","@id":"https:\/\/vernerabogados.com\/ca\/quines-son-les-consequencies-de-no-pagar-la-pensio-daliments\/","url":"https:\/\/vernerabogados.com\/ca\/quines-son-les-consequencies-de-no-pagar-la-pensio-daliments\/","name":"Quines son les conseq\u00fc\u00e8ncies de no pagar la pensi\u00f3 d'aliments? - Verner Abogados","isPartOf":{"@id":"https:\/\/vernerabogados.com\/ca\/#website"},"primaryImageOfPage":{"@id":"https:\/\/vernerabogados.com\/ca\/quines-son-les-consequencies-de-no-pagar-la-pensio-daliments\/#primaryimage"},"image":{"@id":"https:\/\/vernerabogados.com\/ca\/quines-son-les-consequencies-de-no-pagar-la-pensio-daliments\/#primaryimage"},"thumbnailUrl":"https:\/\/vernerabogados.com\/wp-content\/uploads\/2023\/03\/ninos-blog-verner-abogados.jpg","datePublished":"2023-06-22T09:56:46+00:00","dateModified":"2025-05-15T11:22:18+00:00","description":"Quan no es paga la pensi\u00f3 d'aliments, la mateixa es pot reclamar o b\u00e9 per la via civil o b\u00e9 per la via penal.","breadcrumb":{"@id":"https:\/\/vernerabogados.com\/ca\/quines-son-les-consequencies-de-no-pagar-la-pensio-daliments\/#breadcrumb"},"inLanguage":"ca","potentialAction":[{"@type":"ReadAction","target":["https:\/\/vernerabogados.com\/ca\/quines-son-les-consequencies-de-no-pagar-la-pensio-daliments\/"]}]},{"@type":"ImageObject","inLanguage":"ca","@id":"https:\/\/vernerabogados.com\/ca\/quines-son-les-consequencies-de-no-pagar-la-pensio-daliments\/#primaryimage","url":"https:\/\/vernerabogados.com\/wp-content\/uploads\/2023\/03\/ninos-blog-verner-abogados.jpg","contentUrl":"https:\/\/vernerabogados.com\/wp-content\/uploads\/2023\/03\/ninos-blog-verner-abogados.jpg","width":1200,"height":800,"caption":"pension alimentos"},{"@type":"BreadcrumbList","@id":"https:\/\/vernerabogados.com\/ca\/quines-son-les-consequencies-de-no-pagar-la-pensio-daliments\/#breadcrumb","itemListElement":[{"@type":"ListItem","position":1,"name":"Portada","item":"https:\/\/vernerabogados.com\/ca\/"},{"@type":"ListItem","position":2,"name":"Quines son les conseq\u00fc\u00e8ncies de no pagar la pensi\u00f3 d&#8217;aliments?"}]},{"@type":"WebSite","@id":"https:\/\/vernerabogados.com\/ca\/#website","url":"https:\/\/vernerabogados.com\/ca\/","name":"Verner Abogados","description":"Abogados en Barcelona y Andorra. Proteger a nuestros clientes, nuestra prioridad","publisher":{"@id":"https:\/\/vernerabogados.com\/ca\/#organization"},"alternateName":"Verner","potentialAction":[{"@type":"SearchAction","target":{"@type":"EntryPoint","urlTemplate":"https:\/\/vernerabogados.com\/ca\/?s={search_term_string}"},"query-input":{"@type":"PropertyValueSpecification","valueRequired":true,"valueName":"search_term_string"}}],"inLanguage":"ca"},{"@type":"Organization","@id":"https:\/\/vernerabogados.com\/ca\/#organization","name":"Verner Abogados","url":"https:\/\/vernerabogados.com\/ca\/","logo":{"@type":"ImageObject","inLanguage":"ca","@id":"https:\/\/vernerabogados.com\/ca\/#\/schema\/logo\/image\/","url":"https:\/\/vernerabogados.com\/wp-content\/uploads\/2022\/12\/logo-horizontal.png","contentUrl":"https:\/\/vernerabogados.com\/wp-content\/uploads\/2022\/12\/logo-horizontal.png","width":443,"height":67,"caption":"Verner Abogados"},"image":{"@id":"https:\/\/vernerabogados.com\/ca\/#\/schema\/logo\/image\/"}},{"@type":"Person","@id":"https:\/\/vernerabogados.com\/ca\/#\/schema\/person\/ea4cca441017df6dec75f5d287a69197","name":"Clara Balius","image":{"@type":"ImageObject","inLanguage":"ca","@id":"https:\/\/secure.gravatar.com\/avatar\/5826f1b414d742fd239b9882c67dc8e5fc193eb332197dd902845ecf4adba6eb?s=96&d=mm&r=g","url":"https:\/\/secure.gravatar.com\/avatar\/5826f1b414d742fd239b9882c67dc8e5fc193eb332197dd902845ecf4adba6eb?s=96&d=mm&r=g","contentUrl":"https:\/\/secure.gravatar.com\/avatar\/5826f1b414d742fd239b9882c67dc8e5fc193eb332197dd902845ecf4adba6eb?s=96&d=mm&r=g","caption":"Clara Balius"}}]}},"_links":{"self":[{"href":"https:\/\/vernerabogados.com\/ca\/wp-json\/wp\/v2\/posts\/2777","targetHints":{"allow":["GET"]}}],"collection":[{"href":"https:\/\/vernerabogados.com\/ca\/wp-json\/wp\/v2\/posts"}],"about":[{"href":"https:\/\/vernerabogados.com\/ca\/wp-json\/wp\/v2\/types\/post"}],"author":[{"embeddable":true,"href":"https:\/\/vernerabogados.com\/ca\/wp-json\/wp\/v2\/users\/2"}],"replies":[{"embeddable":true,"href":"https:\/\/vernerabogados.com\/ca\/wp-json\/wp\/v2\/comments?post=2777"}],"version-history":[{"count":1,"href":"https:\/\/vernerabogados.com\/ca\/wp-json\/wp\/v2\/posts\/2777\/revisions"}],"predecessor-version":[{"id":3054,"href":"https:\/\/vernerabogados.com\/ca\/wp-json\/wp\/v2\/posts\/2777\/revisions\/3054"}],"wp:featuredmedia":[{"embeddable":true,"href":"https:\/\/vernerabogados.com\/ca\/wp-json\/wp\/v2\/media\/2218"}],"wp:attachment":[{"href":"https:\/\/vernerabogados.com\/ca\/wp-json\/wp\/v2\/media?parent=2777"}],"wp:term":[{"taxonomy":"category","embeddable":true,"href":"https:\/\/vernerabogados.com\/ca\/wp-json\/wp\/v2\/categories?post=2777"},{"taxonomy":"post_tag","embeddable":true,"href":"https:\/\/vernerabogados.com\/ca\/wp-json\/wp\/v2\/tags?post=2777"}],"curies":[{"name":"wp","href":"https:\/\/api.w.org\/{rel}","templated":true}]}}