{"id":2876,"date":"2024-04-03T15:23:36","date_gmt":"2024-04-03T15:23:36","guid":{"rendered":"https:\/\/vernerabogados.com\/nuestra-letrada-clara-balius-pujala-habla-sobre-la-actualidad-para-la-reclamacion-de-los-gastos-de-hipoteca\/"},"modified":"2024-04-03T16:01:25","modified_gmt":"2024-04-03T16:01:25","slug":"nuestra-letrada-clara-balius-pujala-habla-sobre-la-actualidad-para-la-reclamacion-de-los-gastos-de-hipoteca","status":"publish","type":"post","link":"https:\/\/vernerabogados.com\/ca\/nuestra-letrada-clara-balius-pujala-habla-sobre-la-actualidad-para-la-reclamacion-de-los-gastos-de-hipoteca\/","title":{"rendered":"LA NOSTRA LLETRADA, CLARA BALIUS PUJAL\u00c0, PARLA SOBRE L&#8217;ACTUALITAT PER A LA RECLAMACI\u00d3 DE LES DESPESES D&#8217;HIPOTECA"},"content":{"rendered":"<h2 style=\"text-align: center;\">Divendres passat, vam compartir amb el Diari Ara les \u00faltimes novetats sobre la reclamaci\u00f3 de les despeses hipotec\u00e0ries dels consumidors, incloent-hi l&#8217;ampliaci\u00f3 del termini.<\/h2>\n<p style=\"text-align: center;\"><a href=\"https:\/\/vernerabogados.com\/wp-content\/uploads\/2024\/04\/reclamacion-gastos-hipoteca.pdf\" class=\"pdfemb-viewer\" style=\"\" data-width=\"max\" data-height=\"max\" data-toolbar=\"bottom\" data-toolbar-fixed=\"off\">reclamacion-gastos-hipoteca<\/a><\/p>\n","protected":false},"excerpt":{"rendered":"<p>Divendres passat, vam compartir amb el Diari Ara les \u00faltimes novetats sobre la reclamaci\u00f3 de les despeses hipotec\u00e0ries dels consumidors, incloent-hi l&#8217;ampliaci\u00f3 del termini.<\/p>\n","protected":false},"author":4,"featured_media":2887,"comment_status":"closed","ping_status":"closed","sticky":false,"template":"","format":"standard","meta":{"_joinchat":[],"footnotes":""},"categories":[1],"tags":[],"class_list":["post-2876","post","type-post","status-publish","format-standard","has-post-thumbnail","hentry","category-sin-categorizar"],"yoast_head":"<!-- This site is optimized with the Yoast SEO plugin v27.3 - https:\/\/yoast.com\/product\/yoast-seo-wordpress\/ -->\n<title>LA NOSTRA LLETRADA, CLARA BALIUS PUJAL\u00c0, PARLA SOBRE L&#039;ACTUALITAT PER A LA RECLAMACI\u00d3 DE LES DESPESES D&#039;HIPOTECA - Verner Abogados<\/title>\n<meta name=\"robots\" content=\"index, follow, max-snippet:-1, max-image-preview:large, max-video-preview:-1\" \/>\n<link rel=\"canonical\" href=\"https:\/\/vernerabogados.com\/ca\/nuestra-letrada-clara-balius-pujala-habla-sobre-la-actualidad-para-la-reclamacion-de-los-gastos-de-hipoteca\/\" \/>\n<meta property=\"og:locale\" content=\"ca_ES\" \/>\n<meta property=\"og:type\" content=\"article\" \/>\n<meta property=\"og:title\" content=\"LA NOSTRA LLETRADA, CLARA BALIUS PUJAL\u00c0, PARLA SOBRE L&#039;ACTUALITAT PER A LA RECLAMACI\u00d3 DE LES DESPESES D&#039;HIPOTECA - Verner Abogados\" \/>\n<meta property=\"og:description\" content=\"Divendres passat, vam compartir amb el Diari Ara les \u00faltimes novetats sobre la reclamaci\u00f3 de les despeses hipotec\u00e0ries dels consumidors, incloent-hi l&#8217;ampliaci\u00f3 del termini.\" \/>\n<meta property=\"og:url\" content=\"https:\/\/vernerabogados.com\/ca\/nuestra-letrada-clara-balius-pujala-habla-sobre-la-actualidad-para-la-reclamacion-de-los-gastos-de-hipoteca\/\" \/>\n<meta property=\"og:site_name\" content=\"Verner Abogados\" \/>\n<meta property=\"article:published_time\" content=\"2024-04-03T15:23:36+00:00\" \/>\n<meta property=\"article:modified_time\" content=\"2024-04-03T16:01:25+00:00\" \/>\n<meta property=\"og:image\" content=\"https:\/\/vernerabogados.com\/wp-content\/uploads\/2024\/04\/Diari-ARA.webp\" \/>\n\t<meta property=\"og:image:width\" content=\"2546\" \/>\n\t<meta property=\"og:image:height\" content=\"1139\" \/>\n\t<meta property=\"og:image:type\" content=\"image\/webp\" \/>\n<meta name=\"author\" content=\"Antonio\" \/>\n<meta name=\"twitter:card\" content=\"summary_large_image\" \/>\n<meta name=\"twitter:label1\" content=\"Escrit per\" \/>\n\t<meta name=\"twitter:data1\" content=\"Antonio\" \/>\n\t<meta name=\"twitter:label2\" content=\"Temps estimat de lectura\" \/>\n\t<meta name=\"twitter:data2\" content=\"1 minut\" \/>\n<script type=\"application\/ld+json\" class=\"yoast-schema-graph\">{\"@context\":\"https:\\\/\\\/schema.org\",\"@graph\":[{\"@type\":\"Article\",\"@id\":\"https:\\\/\\\/vernerabogados.com\\\/ca\\\/nuestra-letrada-clara-balius-pujala-habla-sobre-la-actualidad-para-la-reclamacion-de-los-gastos-de-hipoteca\\\/#article\",\"isPartOf\":{\"@id\":\"https:\\\/\\\/vernerabogados.com\\\/ca\\\/nuestra-letrada-clara-balius-pujala-habla-sobre-la-actualidad-para-la-reclamacion-de-los-gastos-de-hipoteca\\\/\"},\"author\":{\"name\":\"Antonio\",\"@id\":\"https:\\\/\\\/vernerabogados.com\\\/ca\\\/#\\\/schema\\\/person\\\/53ffbfa6df047a77d7dc394bfe81823f\"},\"headline\":\"LA NOSTRA LLETRADA, CLARA BALIUS PUJAL\u00c0, PARLA SOBRE L&#8217;ACTUALITAT PER A LA RECLAMACI\u00d3 DE LES DESPESES D&#8217;HIPOTECA\",\"datePublished\":\"2024-04-03T15:23:36+00:00\",\"dateModified\":\"2024-04-03T16:01:25+00:00\",\"mainEntityOfPage\":{\"@id\":\"https:\\\/\\\/vernerabogados.com\\\/ca\\\/nuestra-letrada-clara-balius-pujala-habla-sobre-la-actualidad-para-la-reclamacion-de-los-gastos-de-hipoteca\\\/\"},\"wordCount\":51,\"publisher\":{\"@id\":\"https:\\\/\\\/vernerabogados.com\\\/ca\\\/#organization\"},\"image\":{\"@id\":\"https:\\\/\\\/vernerabogados.com\\\/ca\\\/nuestra-letrada-clara-balius-pujala-habla-sobre-la-actualidad-para-la-reclamacion-de-los-gastos-de-hipoteca\\\/#primaryimage\"},\"thumbnailUrl\":\"https:\\\/\\\/vernerabogados.com\\\/wp-content\\\/uploads\\\/2024\\\/04\\\/Diari-ARA.webp\",\"articleSection\":[\"Sin categorizar\"],\"inLanguage\":\"ca\"},{\"@type\":\"WebPage\",\"@id\":\"https:\\\/\\\/vernerabogados.com\\\/ca\\\/nuestra-letrada-clara-balius-pujala-habla-sobre-la-actualidad-para-la-reclamacion-de-los-gastos-de-hipoteca\\\/\",\"url\":\"https:\\\/\\\/vernerabogados.com\\\/ca\\\/nuestra-letrada-clara-balius-pujala-habla-sobre-la-actualidad-para-la-reclamacion-de-los-gastos-de-hipoteca\\\/\",\"name\":\"LA NOSTRA LLETRADA, CLARA BALIUS PUJAL\u00c0, PARLA SOBRE L'ACTUALITAT PER A LA RECLAMACI\u00d3 DE LES DESPESES D'HIPOTECA - Verner Abogados\",\"isPartOf\":{\"@id\":\"https:\\\/\\\/vernerabogados.com\\\/ca\\\/#website\"},\"primaryImageOfPage\":{\"@id\":\"https:\\\/\\\/vernerabogados.com\\\/ca\\\/nuestra-letrada-clara-balius-pujala-habla-sobre-la-actualidad-para-la-reclamacion-de-los-gastos-de-hipoteca\\\/#primaryimage\"},\"image\":{\"@id\":\"https:\\\/\\\/vernerabogados.com\\\/ca\\\/nuestra-letrada-clara-balius-pujala-habla-sobre-la-actualidad-para-la-reclamacion-de-los-gastos-de-hipoteca\\\/#primaryimage\"},\"thumbnailUrl\":\"https:\\\/\\\/vernerabogados.com\\\/wp-content\\\/uploads\\\/2024\\\/04\\\/Diari-ARA.webp\",\"datePublished\":\"2024-04-03T15:23:36+00:00\",\"dateModified\":\"2024-04-03T16:01:25+00:00\",\"breadcrumb\":{\"@id\":\"https:\\\/\\\/vernerabogados.com\\\/ca\\\/nuestra-letrada-clara-balius-pujala-habla-sobre-la-actualidad-para-la-reclamacion-de-los-gastos-de-hipoteca\\\/#breadcrumb\"},\"inLanguage\":\"ca\",\"potentialAction\":[{\"@type\":\"ReadAction\",\"target\":[\"https:\\\/\\\/vernerabogados.com\\\/ca\\\/nuestra-letrada-clara-balius-pujala-habla-sobre-la-actualidad-para-la-reclamacion-de-los-gastos-de-hipoteca\\\/\"]}]},{\"@type\":\"ImageObject\",\"inLanguage\":\"ca\",\"@id\":\"https:\\\/\\\/vernerabogados.com\\\/ca\\\/nuestra-letrada-clara-balius-pujala-habla-sobre-la-actualidad-para-la-reclamacion-de-los-gastos-de-hipoteca\\\/#primaryimage\",\"url\":\"https:\\\/\\\/vernerabogados.com\\\/wp-content\\\/uploads\\\/2024\\\/04\\\/Diari-ARA.webp\",\"contentUrl\":\"https:\\\/\\\/vernerabogados.com\\\/wp-content\\\/uploads\\\/2024\\\/04\\\/Diari-ARA.webp\",\"width\":2546,\"height\":1139},{\"@type\":\"BreadcrumbList\",\"@id\":\"https:\\\/\\\/vernerabogados.com\\\/ca\\\/nuestra-letrada-clara-balius-pujala-habla-sobre-la-actualidad-para-la-reclamacion-de-los-gastos-de-hipoteca\\\/#breadcrumb\",\"itemListElement\":[{\"@type\":\"ListItem\",\"position\":1,\"name\":\"Portada\",\"item\":\"https:\\\/\\\/vernerabogados.com\\\/ca\\\/\"},{\"@type\":\"ListItem\",\"position\":2,\"name\":\"LA NOSTRA LLETRADA, CLARA BALIUS PUJAL\u00c0, PARLA SOBRE L&#8217;ACTUALITAT PER A LA RECLAMACI\u00d3 DE LES DESPESES D&#8217;HIPOTECA\"}]},{\"@type\":\"WebSite\",\"@id\":\"https:\\\/\\\/vernerabogados.com\\\/ca\\\/#website\",\"url\":\"https:\\\/\\\/vernerabogados.com\\\/ca\\\/\",\"name\":\"Verner Abogados\",\"description\":\"Abogados en Barcelona y Andorra. Proteger a nuestros clientes, nuestra prioridad\",\"publisher\":{\"@id\":\"https:\\\/\\\/vernerabogados.com\\\/ca\\\/#organization\"},\"alternateName\":\"Verner\",\"potentialAction\":[{\"@type\":\"SearchAction\",\"target\":{\"@type\":\"EntryPoint\",\"urlTemplate\":\"https:\\\/\\\/vernerabogados.com\\\/ca\\\/?s={search_term_string}\"},\"query-input\":{\"@type\":\"PropertyValueSpecification\",\"valueRequired\":true,\"valueName\":\"search_term_string\"}}],\"inLanguage\":\"ca\"},{\"@type\":\"Organization\",\"@id\":\"https:\\\/\\\/vernerabogados.com\\\/ca\\\/#organization\",\"name\":\"Verner Abogados\",\"url\":\"https:\\\/\\\/vernerabogados.com\\\/ca\\\/\",\"logo\":{\"@type\":\"ImageObject\",\"inLanguage\":\"ca\",\"@id\":\"https:\\\/\\\/vernerabogados.com\\\/ca\\\/#\\\/schema\\\/logo\\\/image\\\/\",\"url\":\"https:\\\/\\\/vernerabogados.com\\\/wp-content\\\/uploads\\\/2022\\\/12\\\/logo-horizontal.png\",\"contentUrl\":\"https:\\\/\\\/vernerabogados.com\\\/wp-content\\\/uploads\\\/2022\\\/12\\\/logo-horizontal.png\",\"width\":443,\"height\":67,\"caption\":\"Verner Abogados\"},\"image\":{\"@id\":\"https:\\\/\\\/vernerabogados.com\\\/ca\\\/#\\\/schema\\\/logo\\\/image\\\/\"}},{\"@type\":\"Person\",\"@id\":\"https:\\\/\\\/vernerabogados.com\\\/ca\\\/#\\\/schema\\\/person\\\/53ffbfa6df047a77d7dc394bfe81823f\",\"name\":\"Antonio\",\"image\":{\"@type\":\"ImageObject\",\"inLanguage\":\"ca\",\"@id\":\"https:\\\/\\\/secure.gravatar.com\\\/avatar\\\/f582baad4ab3ec10c7df2c95ffa452082a4cffdec20716b12f02cbeac62521d9?s=96&d=mm&r=g\",\"url\":\"https:\\\/\\\/secure.gravatar.com\\\/avatar\\\/f582baad4ab3ec10c7df2c95ffa452082a4cffdec20716b12f02cbeac62521d9?s=96&d=mm&r=g\",\"contentUrl\":\"https:\\\/\\\/secure.gravatar.com\\\/avatar\\\/f582baad4ab3ec10c7df2c95ffa452082a4cffdec20716b12f02cbeac62521d9?s=96&d=mm&r=g\",\"caption\":\"Antonio\"}}]}<\/script>\n<!-- \/ Yoast SEO plugin. -->","yoast_head_json":{"title":"LA NOSTRA LLETRADA, CLARA BALIUS PUJAL\u00c0, PARLA SOBRE L'ACTUALITAT PER A LA RECLAMACI\u00d3 DE LES DESPESES D'HIPOTECA - Verner Abogados","robots":{"index":"index","follow":"follow","max-snippet":"max-snippet:-1","max-image-preview":"max-image-preview:large","max-video-preview":"max-video-preview:-1"},"canonical":"https:\/\/vernerabogados.com\/ca\/nuestra-letrada-clara-balius-pujala-habla-sobre-la-actualidad-para-la-reclamacion-de-los-gastos-de-hipoteca\/","og_locale":"ca_ES","og_type":"article","og_title":"LA NOSTRA LLETRADA, CLARA BALIUS PUJAL\u00c0, PARLA SOBRE L'ACTUALITAT PER A LA RECLAMACI\u00d3 DE LES DESPESES D'HIPOTECA - Verner Abogados","og_description":"Divendres passat, vam compartir amb el Diari Ara les \u00faltimes novetats sobre la reclamaci\u00f3 de les despeses hipotec\u00e0ries dels consumidors, incloent-hi l&#8217;ampliaci\u00f3 del termini.","og_url":"https:\/\/vernerabogados.com\/ca\/nuestra-letrada-clara-balius-pujala-habla-sobre-la-actualidad-para-la-reclamacion-de-los-gastos-de-hipoteca\/","og_site_name":"Verner Abogados","article_published_time":"2024-04-03T15:23:36+00:00","article_modified_time":"2024-04-03T16:01:25+00:00","og_image":[{"width":2546,"height":1139,"url":"https:\/\/vernerabogados.com\/wp-content\/uploads\/2024\/04\/Diari-ARA.webp","type":"image\/webp"}],"author":"Antonio","twitter_card":"summary_large_image","twitter_misc":{"Escrit per":"Antonio","Temps estimat de lectura":"1 minut"},"schema":{"@context":"https:\/\/schema.org","@graph":[{"@type":"Article","@id":"https:\/\/vernerabogados.com\/ca\/nuestra-letrada-clara-balius-pujala-habla-sobre-la-actualidad-para-la-reclamacion-de-los-gastos-de-hipoteca\/#article","isPartOf":{"@id":"https:\/\/vernerabogados.com\/ca\/nuestra-letrada-clara-balius-pujala-habla-sobre-la-actualidad-para-la-reclamacion-de-los-gastos-de-hipoteca\/"},"author":{"name":"Antonio","@id":"https:\/\/vernerabogados.com\/ca\/#\/schema\/person\/53ffbfa6df047a77d7dc394bfe81823f"},"headline":"LA NOSTRA LLETRADA, CLARA BALIUS PUJAL\u00c0, PARLA SOBRE L&#8217;ACTUALITAT PER A LA RECLAMACI\u00d3 DE LES DESPESES D&#8217;HIPOTECA","datePublished":"2024-04-03T15:23:36+00:00","dateModified":"2024-04-03T16:01:25+00:00","mainEntityOfPage":{"@id":"https:\/\/vernerabogados.com\/ca\/nuestra-letrada-clara-balius-pujala-habla-sobre-la-actualidad-para-la-reclamacion-de-los-gastos-de-hipoteca\/"},"wordCount":51,"publisher":{"@id":"https:\/\/vernerabogados.com\/ca\/#organization"},"image":{"@id":"https:\/\/vernerabogados.com\/ca\/nuestra-letrada-clara-balius-pujala-habla-sobre-la-actualidad-para-la-reclamacion-de-los-gastos-de-hipoteca\/#primaryimage"},"thumbnailUrl":"https:\/\/vernerabogados.com\/wp-content\/uploads\/2024\/04\/Diari-ARA.webp","articleSection":["Sin categorizar"],"inLanguage":"ca"},{"@type":"WebPage","@id":"https:\/\/vernerabogados.com\/ca\/nuestra-letrada-clara-balius-pujala-habla-sobre-la-actualidad-para-la-reclamacion-de-los-gastos-de-hipoteca\/","url":"https:\/\/vernerabogados.com\/ca\/nuestra-letrada-clara-balius-pujala-habla-sobre-la-actualidad-para-la-reclamacion-de-los-gastos-de-hipoteca\/","name":"LA NOSTRA LLETRADA, CLARA BALIUS PUJAL\u00c0, PARLA SOBRE L'ACTUALITAT PER A LA RECLAMACI\u00d3 DE LES DESPESES D'HIPOTECA - Verner Abogados","isPartOf":{"@id":"https:\/\/vernerabogados.com\/ca\/#website"},"primaryImageOfPage":{"@id":"https:\/\/vernerabogados.com\/ca\/nuestra-letrada-clara-balius-pujala-habla-sobre-la-actualidad-para-la-reclamacion-de-los-gastos-de-hipoteca\/#primaryimage"},"image":{"@id":"https:\/\/vernerabogados.com\/ca\/nuestra-letrada-clara-balius-pujala-habla-sobre-la-actualidad-para-la-reclamacion-de-los-gastos-de-hipoteca\/#primaryimage"},"thumbnailUrl":"https:\/\/vernerabogados.com\/wp-content\/uploads\/2024\/04\/Diari-ARA.webp","datePublished":"2024-04-03T15:23:36+00:00","dateModified":"2024-04-03T16:01:25+00:00","breadcrumb":{"@id":"https:\/\/vernerabogados.com\/ca\/nuestra-letrada-clara-balius-pujala-habla-sobre-la-actualidad-para-la-reclamacion-de-los-gastos-de-hipoteca\/#breadcrumb"},"inLanguage":"ca","potentialAction":[{"@type":"ReadAction","target":["https:\/\/vernerabogados.com\/ca\/nuestra-letrada-clara-balius-pujala-habla-sobre-la-actualidad-para-la-reclamacion-de-los-gastos-de-hipoteca\/"]}]},{"@type":"ImageObject","inLanguage":"ca","@id":"https:\/\/vernerabogados.com\/ca\/nuestra-letrada-clara-balius-pujala-habla-sobre-la-actualidad-para-la-reclamacion-de-los-gastos-de-hipoteca\/#primaryimage","url":"https:\/\/vernerabogados.com\/wp-content\/uploads\/2024\/04\/Diari-ARA.webp","contentUrl":"https:\/\/vernerabogados.com\/wp-content\/uploads\/2024\/04\/Diari-ARA.webp","width":2546,"height":1139},{"@type":"BreadcrumbList","@id":"https:\/\/vernerabogados.com\/ca\/nuestra-letrada-clara-balius-pujala-habla-sobre-la-actualidad-para-la-reclamacion-de-los-gastos-de-hipoteca\/#breadcrumb","itemListElement":[{"@type":"ListItem","position":1,"name":"Portada","item":"https:\/\/vernerabogados.com\/ca\/"},{"@type":"ListItem","position":2,"name":"LA NOSTRA LLETRADA, CLARA BALIUS PUJAL\u00c0, PARLA SOBRE L&#8217;ACTUALITAT PER A LA RECLAMACI\u00d3 DE LES DESPESES D&#8217;HIPOTECA"}]},{"@type":"WebSite","@id":"https:\/\/vernerabogados.com\/ca\/#website","url":"https:\/\/vernerabogados.com\/ca\/","name":"Verner Abogados","description":"Abogados en Barcelona y Andorra. Proteger a nuestros clientes, nuestra prioridad","publisher":{"@id":"https:\/\/vernerabogados.com\/ca\/#organization"},"alternateName":"Verner","potentialAction":[{"@type":"SearchAction","target":{"@type":"EntryPoint","urlTemplate":"https:\/\/vernerabogados.com\/ca\/?s={search_term_string}"},"query-input":{"@type":"PropertyValueSpecification","valueRequired":true,"valueName":"search_term_string"}}],"inLanguage":"ca"},{"@type":"Organization","@id":"https:\/\/vernerabogados.com\/ca\/#organization","name":"Verner Abogados","url":"https:\/\/vernerabogados.com\/ca\/","logo":{"@type":"ImageObject","inLanguage":"ca","@id":"https:\/\/vernerabogados.com\/ca\/#\/schema\/logo\/image\/","url":"https:\/\/vernerabogados.com\/wp-content\/uploads\/2022\/12\/logo-horizontal.png","contentUrl":"https:\/\/vernerabogados.com\/wp-content\/uploads\/2022\/12\/logo-horizontal.png","width":443,"height":67,"caption":"Verner Abogados"},"image":{"@id":"https:\/\/vernerabogados.com\/ca\/#\/schema\/logo\/image\/"}},{"@type":"Person","@id":"https:\/\/vernerabogados.com\/ca\/#\/schema\/person\/53ffbfa6df047a77d7dc394bfe81823f","name":"Antonio","image":{"@type":"ImageObject","inLanguage":"ca","@id":"https:\/\/secure.gravatar.com\/avatar\/f582baad4ab3ec10c7df2c95ffa452082a4cffdec20716b12f02cbeac62521d9?s=96&d=mm&r=g","url":"https:\/\/secure.gravatar.com\/avatar\/f582baad4ab3ec10c7df2c95ffa452082a4cffdec20716b12f02cbeac62521d9?s=96&d=mm&r=g","contentUrl":"https:\/\/secure.gravatar.com\/avatar\/f582baad4ab3ec10c7df2c95ffa452082a4cffdec20716b12f02cbeac62521d9?s=96&d=mm&r=g","caption":"Antonio"}}]}},"_links":{"self":[{"href":"https:\/\/vernerabogados.com\/ca\/wp-json\/wp\/v2\/posts\/2876","targetHints":{"allow":["GET"]}}],"collection":[{"href":"https:\/\/vernerabogados.com\/ca\/wp-json\/wp\/v2\/posts"}],"about":[{"href":"https:\/\/vernerabogados.com\/ca\/wp-json\/wp\/v2\/types\/post"}],"author":[{"embeddable":true,"href":"https:\/\/vernerabogados.com\/ca\/wp-json\/wp\/v2\/users\/4"}],"replies":[{"embeddable":true,"href":"https:\/\/vernerabogados.com\/ca\/wp-json\/wp\/v2\/comments?post=2876"}],"version-history":[{"count":1,"href":"https:\/\/vernerabogados.com\/ca\/wp-json\/wp\/v2\/posts\/2876\/revisions"}],"predecessor-version":[{"id":2877,"href":"https:\/\/vernerabogados.com\/ca\/wp-json\/wp\/v2\/posts\/2876\/revisions\/2877"}],"wp:featuredmedia":[{"embeddable":true,"href":"https:\/\/vernerabogados.com\/ca\/wp-json\/wp\/v2\/media\/2887"}],"wp:attachment":[{"href":"https:\/\/vernerabogados.com\/ca\/wp-json\/wp\/v2\/media?parent=2876"}],"wp:term":[{"taxonomy":"category","embeddable":true,"href":"https:\/\/vernerabogados.com\/ca\/wp-json\/wp\/v2\/categories?post=2876"},{"taxonomy":"post_tag","embeddable":true,"href":"https:\/\/vernerabogados.com\/ca\/wp-json\/wp\/v2\/tags?post=2876"}],"curies":[{"name":"wp","href":"https:\/\/api.w.org\/{rel}","templated":true}]}}